{"id":13349,"date":"2013-02-15T06:00:54","date_gmt":"2013-02-15T06:00:54","guid":{"rendered":"http:\/\/www.diariwin.cat\/?p=13349"},"modified":"2015-09-14T10:08:08","modified_gmt":"2015-09-14T10:08:08","slug":"igor-szpakowski-actor","status":"publish","type":"post","link":"http:\/\/www.diariwin.cat\/temporada4\/2013\/02\/15\/igor-szpakowski-actor\/","title":{"rendered":"Igor Szpakowski, actor"},"content":{"rendered":"<p><strong>Igor Szpakowski (Amsterdam, 1997) \u00e9s actor. Un dels protagonistes del serial d\u2019\u00e8xit de Televisi\u00f3 de Catalunya \u201dPolseres Vermelles\u201d creat per Albert Espinosa i dirigit per Pau Freixa. En la primera temporada del serial, l\u2019Igor fa el paper de Jordi, un nen de catorze anys que pateix l\u2019amputaci\u00f3 d\u2019una cama i que entra a formar part del grup de \u201cPolseres Vermelles\u201d com a \u201csegon l\u00edder\u201d. <\/strong><\/p>\n<p><strong>Actualment TV3 ja est\u00e0 emetent la segona temporada de \u201cPolseres Vermelles\u201d amb uns protagonistes que, despr\u00e9s de dos anys, ja s\u00f3n en plena adolesc\u00e8ncia i on l\u2019\u2019Igor ha d\u2019interpretar un Jordi m\u00e9s complex que ha d\u2019afrontar nous problemes i que ha d\u2019aprendre a seguir endavant.<\/strong><\/p>\n<p><strong>Per\u00a0Georgina Altarriba\/ACPG<\/strong><br \/>\n<strong>Fotos: J.Szpakowski<\/strong><\/p>\n<h3>&#8220;Que tota la gent et conegui pel carrer, que et parin&#8230;arriba un moment que cansa&#8221;<\/h3>\n<p><strong>1.- Com va comen\u00e7ar la teva hist\u00f2ria a Polseres Vermelles?<\/strong><\/p>\n<p>Ara ja fa uns tres o quatre anys. En aquells moments jo estava a una ag\u00e8ncia per\u00f2 em vaig voler canviar a una altra. I va ser just quan m\u2019acabava de canviar a l\u2019ag\u00e8ncia nova que, al cap de res, em van trucar la Carolina, la meva representant, i em va dir \u201cmira Igor tens un c\u00e0sting a tal lloc, a tal hora i a tal dia\u201d i jo hi vaig anar. Un cop al c\u00e0sting vaig fer com unes cinc proves i a cadascuna d\u2019elles vaig fer una seq\u00fc\u00e8ncia amb un paper que ja duia estudiat. En aquell mateix c\u00e0sting ja vaig con\u00e8ixer l\u2019\u00c0lex (Monner), el Pau Freixas, i l\u2019Albert Espinosa. I b\u00e9, sembla que els vaig agradar i em van agafar.<\/p>\n<p><strong>2.- Aix\u00ed que ja estaves apuntat a una ag\u00e8ncia perqu\u00e8 et volies dedicar a aquest m\u00f3n?<\/strong><\/p>\n<p>S\u00ed. Jo abans estava a una altra ag\u00e8ncia que nom\u00e9s em passava feines per a fer anuncis, algun curtmetratge i poca cosa m\u00e9s. Per\u00f2 jo volia fer coses m\u00e9s grans i em vaig canviar d\u2019ag\u00e8ncia per estar la que estic ara, que \u00e9s la que em va aconseguir el c\u00e0sting de \u201cPolseres\u201d.<\/p>\n<p><strong>3.- Qu\u00e8 \u00e9s el millor de fer un paper com el de Jordi?<\/strong><\/p>\n<p>Aprens molt de qualsevol paper que facis. Amb tots els papers que interpretes sempre aprens molt. Per\u00f2 clar amb el Jordi aprens molt a manejar les situacions dif\u00edcils o que t\u2019incomoden. Ja que b\u00e9, el Jordi est\u00e0 en una situaci\u00f3 inc\u00f2mode i, per tant, jo personalment fent de Jordi he apr\u00e8s a sortir de tot tipus de situacions inc\u00f2modes que em puguin passar, saps?<\/p>\n<p>En aquesta segona temporada, el Jordi el que no vol \u00e9s veure els \u201cPolseres\u201d. Est\u00e0 apartat, ha fet una nova vida i no vol saber res dels \u201cPolseres\u201d. I de cop es troba amb la situaci\u00f3 inc\u00f2mode d\u2019haver de tornar a l\u2019hospital a fer-se una proves. Llavors, a m\u00e9s, all\u00e0 es troba el Lle\u00f3, el pega&#8230;<br \/>\nAix\u00ed que, en resum, a la primera temporada vaig aprendre a ser un bon noi, perqu\u00e8 el Jordi era molt bon noi, i a la segona temporada he apr\u00e8s que s\u2019ha de lluitar, que s\u2019ha de seguir endavant.<\/p>\n<p><strong>4.- I el pitjor?<\/strong><\/p>\n<p>El pitjor? B\u00e9, fer-se el coix durant tota la gravaci\u00f3 de la s\u00e8rie (riu). \u00c9s que haver d\u2019anar amb la cama recta tota l\u2019estona fa que al final t\u2019agafin rampes. Aix\u00f2 i les escenes m\u00e9s dif\u00edcils&#8230; no m\u2019agraden massa&#8230; per\u00f2 vaja, s\u2019ha de fer.<\/p>\n<p><strong>5.- Com va anar la primera temporada? Com vareu viure l\u2019\u00e8xit?<br \/>\n<\/strong><br \/>\nDoncs no ens l\u2019esper\u00e0vem. Jo gravava la primera temporada pensant \u201cai que b\u00e9 estic fent una s\u00e8rie i sortir\u00e0 per TV3\u201d i ja est\u00e0. Per\u00f2 clar, quan vam saber que tenia tant \u00e8xit i que hi havia tants seguidors no ens ho creiem.<\/p>\n<p><strong>6.- I tu, personalment, com ho vas viure?<\/strong><\/p>\n<p>Que tota la gent et conegui pel carrer, que et parin&#8230; Quan va comen\u00e7ar a passar, all\u00f2 era molt nou per mi. Al principi, clar, t\u2019agrada i et fa sentir b\u00e9, et sents b\u00e9. Per\u00f2 despr\u00e9s ja&#8230; despr\u00e9s d\u2019un temps&#8230; quan t\u2019ho segueixen fent&#8230; clar, arriba un moment que cansa. B\u00e9, no \u00e9s que cansi per\u00f2 vaja, que ja no li trobes la gr\u00e0cia.<\/p>\n<p><strong>7.- Com va aquesta segona temporada? Quines difer\u00e8ncies veus amb la primera?<\/strong><\/p>\n<p>La primera temporada era m\u00e9s tot un grup d\u2019amics que encara no estaven a l\u2019adolesc\u00e8ncia i que s\u2019ho passaven b\u00e9 a l\u2019hospital. I clar, all\u00f2 no era del tot la realitat.<\/p>\n<p><span style=\"font-size: 13px; line-height: 19px;\">I el qu\u00e8 t\u00e9 la segona temporada \u00e9s que \u00e9s m\u00e9s realista. I al ser-ho \u00e9s m\u00e9s drama, fa m\u00e9s pena. Aquesta segona temporada \u00e9s m\u00e9s sobre l\u2019etapa adolescent i \u00e9s molt m\u00e9s realista.\u00a0<\/span><\/p>\n<p><strong>8.- Us van advertir sobre la duresa de la segona temporada?<br \/>\n<\/strong><br \/>\nDoncs s\u00ed, ja ens ho van dir. De fet, aix\u00f2 quan grav\u00e0vem la primera temporada ja ens ho comentaven. Ens deien que la segona temporada seria m\u00e9s dura i que els personatges tindrien molt m\u00e9s misteri.<\/p>\n<p><strong>9.- Perqu\u00e8 creus que la s\u00e8rie enganxa tant als adolescents?<br \/>\n<\/strong><br \/>\nPerqu\u00e8 jo crec que se senten identificats amb els personatges. Jo crec que el grup dels \u201cPolseres\u201d que est\u00e0 a l\u2019hospital podria ser un grup qualsevol que est\u00e0 a fora de l\u2019hospital, no? Aix\u00ed que s\u00ed, jo crec que les persones que segueixen la s\u00e8rie es poden sentir identificades amb els problemes i amb les relacions que tenen els seus protagonistes.<\/p>\n<p><strong>10.- Com continuar\u00e0 la teva hist\u00f2ria com a actor? Has pensat estudiar art dram\u00e0tic?<br \/>\n<\/strong><br \/>\nEl meu futur&#8230; b\u00e9&#8230; de moment aquest estiu anir\u00e9 a Sant Francisco a estudiar angl\u00e8s i, si pot ser, interpretaci\u00f3 tamb\u00e9 i despr\u00e9s, tornant aqu\u00ed, espero fer algun projecte. Espero que pugui fer alguna cosa xula&#8230; Una peli&#8230;<\/p>\n<p><object width=\"570\" height=\"420\" classid=\"clsid:d27cdb6e-ae6d-11cf-96b8-444553540000\" codebase=\"http:\/\/download.macromedia.com\/pub\/shockwave\/cabs\/flash\/swflash.cab#version=6,0,40,0\"><param name=\"allowfullscreen\" value=\"true\" \/><param name=\"allowscriptaccess\" value=\"always\" \/><param name=\"src\" value=\"http:\/\/vimeo.com\/moogaloop.swf?clip_id=59561345&amp;force_embed=1&amp;server=vimeo.com&amp;show_title=0&amp;show_byline=0&amp;show_portrait=0&amp;color=f00800&amp;fullscreen=1&amp;autoplay=0&amp;loop=0\" \/><embed width=\"570\" height=\"420\" type=\"application\/x-shockwave-flash\" src=\"http:\/\/vimeo.com\/moogaloop.swf?clip_id=59561345&amp;force_embed=1&amp;server=vimeo.com&amp;show_title=0&amp;show_byline=0&amp;show_portrait=0&amp;color=f00800&amp;fullscreen=1&amp;autoplay=0&amp;loop=0\" allowfullscreen=\"allowfullscreen\" allowscriptaccess=\"always\" \/><\/object><\/p>\n","protected":false},"excerpt":{"rendered":"<p>Igor Szpakowski (Amsterdam, 1997) \u00e9s actor. Un dels protagonistes del serial d\u2019\u00e8xit de Televisi\u00f3 de Catalunya \u201dPolseres Vermelles\u201d creat per Albert Espinosa i dirigit per Pau Freixa. En la primera temporada del serial, l\u2019Igor fa el paper de Jordi, un nen de catorze anys que pateix l\u2019amputaci\u00f3 d\u2019una cama i que entra a formar part [&hellip;]<\/p>\n","protected":false},"author":1,"featured_media":27745,"comment_status":"open","ping_status":"open","sticky":false,"template":"","format":"standard","meta":[],"categories":[187],"tags":[214,215,216],"_links":{"self":[{"href":"http:\/\/www.diariwin.cat\/temporada4\/wp-json\/wp\/v2\/posts\/13349"}],"collection":[{"href":"http:\/\/www.diariwin.cat\/temporada4\/wp-json\/wp\/v2\/posts"}],"about":[{"href":"http:\/\/www.diariwin.cat\/temporada4\/wp-json\/wp\/v2\/types\/post"}],"author":[{"embeddable":true,"href":"http:\/\/www.diariwin.cat\/temporada4\/wp-json\/wp\/v2\/users\/1"}],"replies":[{"embeddable":true,"href":"http:\/\/www.diariwin.cat\/temporada4\/wp-json\/wp\/v2\/comments?post=13349"}],"version-history":[{"count":1,"href":"http:\/\/www.diariwin.cat\/temporada4\/wp-json\/wp\/v2\/posts\/13349\/revisions"}],"predecessor-version":[{"id":27746,"href":"http:\/\/www.diariwin.cat\/temporada4\/wp-json\/wp\/v2\/posts\/13349\/revisions\/27746"}],"wp:featuredmedia":[{"embeddable":true,"href":"http:\/\/www.diariwin.cat\/temporada4\/wp-json\/wp\/v2\/media\/27745"}],"wp:attachment":[{"href":"http:\/\/www.diariwin.cat\/temporada4\/wp-json\/wp\/v2\/media?parent=13349"}],"wp:term":[{"taxonomy":"category","embeddable":true,"href":"http:\/\/www.diariwin.cat\/temporada4\/wp-json\/wp\/v2\/categories?post=13349"},{"taxonomy":"post_tag","embeddable":true,"href":"http:\/\/www.diariwin.cat\/temporada4\/wp-json\/wp\/v2\/tags?post=13349"}],"curies":[{"name":"wp","href":"https:\/\/api.w.org\/{rel}","templated":true}]}}