{"id":19066,"date":"2013-06-01T06:00:20","date_gmt":"2013-06-01T04:00:20","guid":{"rendered":"http:\/\/www.diariwin.cat\/?p=19066"},"modified":"2015-09-14T09:55:38","modified_gmt":"2015-09-14T09:55:38","slug":"pep-plaza-actor-de-crackovia","status":"publish","type":"post","link":"http:\/\/www.diariwin.cat\/temporada4\/2013\/06\/01\/pep-plaza-actor-de-crackovia\/","title":{"rendered":"Pep Plaza, actor"},"content":{"rendered":"<p><strong>Pep Plaza (Matar\u00f3, 1972) \u00e9s un actor especialitzat en imitacions humor\u00edstiques que compta amb m\u00e9s de vint anys d\u2019experi\u00e8ncia en el m\u00f3n de l\u2019espectacle: al teatre, a la r\u00e0dio i a la televisi\u00f3. El seu puntal de popularitat arriba amb la imitaci\u00f3 de Pep Guardiola que fa al programa de s\u00e0tira humor\u00edstica Crack\u00f2via de Televisi\u00f3 de Catalunya. Plaza ha combinat sempre la seva participaci\u00f3 als mitjans de comunicaci\u00f3 amb actuacions en directe a escenaris d\u2019arreu de Catalunya i de l\u2019Estat Espanyol. L\u2019actor mataron\u00ed ha trobat que ara \u00e9s el moment d\u2019establir-se de manera fixa a un sol escenari i \u00e9s per aix\u00f2 que durant aquest mes de juny presenta \u2018I ara qu\u00e8?\u2019 al Club Capitol de Barcelona.<\/strong><\/p>\n<p><strong>Per Georgina Altarriba\/ACPG<\/strong><\/p>\n<h3>\u201cSi en Guardiola no hagu\u00e9s plegat potser hauria estat un any m\u00e9s sense fer teatre\u201d<\/h3>\n<p><strong>1.- Com \u00e9s el teu nou espectacle teatral \u2018I ara qu\u00e8\u2019?<br \/>\n<\/strong><br \/>\n\u00c9s una barreja de tot el qu\u00e8 he fet durant tants anys. Tot i que la gent em t\u00e9 encasellat una mica per la imitaci\u00f3 d\u2019en Guardiola i alguns altres personatges com l\u2019Albert Om o en Quim Monz\u00f3 de Crack\u00f2via i Pol\u00f2nia, aqu\u00ed el qu\u00e8 donem a con\u00e8ixer \u00e9s la meva vessant m\u00e9s teatral i musical, que \u00e9s el que la gent no coneix. Llavors, el qu\u00e8 miro de fer \u00e9s un mon\u00f2leg m\u00e9s teatral i, en una hora trenta, anar intercalant tota aquesta suma de coses.<\/p>\n<p><strong>2.- L\u2019espectacle cont\u00e9 una bona dosi de m\u00fasica en directe. Explica\u2019ns quina import\u00e0ncia t\u00e9 la m\u00fasica en aquest nou projecte.<\/strong><\/p>\n<p>La import\u00e0ncia de la m\u00fasica recau en qu\u00e8, tot i que no n\u2019\u00e9s el fil conductor, la meitat de l\u2019espectacle t\u00e9 m\u00fasica. Aix\u00f2 \u00e9s aix\u00ed perqu\u00e8 vaig explicant coses que, tot i que algunes s\u00f3n reals i altres no, totes les explico a nivell personal, autobiogr\u00e0fic. Durant l\u2019espectacle explico que jo volia ser cantant, que volia ser m\u00fasic i, a partir d\u2019aqu\u00ed, comencen a succeir an\u00e8cdotes relacionades amb la m\u00fasica. No \u00e9s un concert per\u00f2 vaig fent trossos de mon\u00f2leg amb imitacions de cantants que van donant peu a una s\u00e8rie de gags.<\/p>\n<p><strong>3.- Per qu\u00e8 decideixes impulsar aquest nou projecte al Club Capitol?<br \/>\n<\/strong><br \/>\nPer una ra\u00f3 molt senzilla. No pel qu\u00e8 hi pugui guanyar a nivell econ\u00f2mic perqu\u00e8 tots sabem que amb la pujada del 21% (d\u2019IVA) -que val la pena recorda-ho- i amb la situaci\u00f3 actual no \u00e9s per guanyar-se la vida ni molt menys. Per\u00f2 s\u00ed que era una mica per respondre a la pregunta que tothom em feia d\u2019\u201con et puc veure?\u201d i que jo sempre responia amb respostes com \u201cdoncs has de venir a Sant Fruit\u00f3s de Bages!\u201d o \u201chas de venir a Tortosa!\u201d, indrets on no tothom em podia venir a veure. Doncs amb l\u2019espectacle al Capitol aconseguia tenir un lloc fixe. Ja duc vint-i-un anys fent \u2018bolos\u2019 per Catalunya -i fora de Catalunya- i creia que era el moment de dir \u201cara ha arribat el moment de fer-ho\u201d.<\/p>\n<p><strong>4.- I per qu\u00e8 ara?<\/strong><\/p>\n<p>Per qu\u00e8 ho decideixo ara? En aquest moment? Doncs perqu\u00e8 quan en Guardiola plega, la gent no para de preguntar-me \u201ci ara qu\u00e8 far\u00e0s?\u201d. I vaig dir \u201cdoncs mira ara vaig al Capitol i aix\u00ed em podreu veure\u201d. Si el Guardiola no hagu\u00e9s plegat potser hauria estat un any m\u00e9s sense fer teatre. O sigui, no tenia una necessitat extrema de fer-ho per\u00f2 s\u00ed que la gent tenia moltes ganes de veure el qu\u00e8 feia jo i una manera de mostrar-ho era aix\u00ed.<\/p>\n<p><strong>5.- Els teus espectacles sobre imitacions t\u2019han dut, com ens comentes, arreu del nostre territori. El p\u00fablic \u00e9s diferent segons el lloc on actues?\u00a0<\/strong><\/p>\n<p>S\u00ed&#8230; uns s\u00f3n m\u00e9s freds i uns altres no tant. A Andorra s\u00f3n diferents, all\u00e0 s\u00f3n m\u00e9s fredots&#8230; Sobre el p\u00fablic, jo de vegades dic en broma, als meus directes: \u201cNosaltres sempre ho fem b\u00e9, els actors sempre ho fem b\u00e9. El qu\u00e8 passa \u00e9s que hi ha p\u00fablic bo o dolent i avui hi ha un p\u00fablic bo\u201d. Per\u00f2 aix\u00f2 no \u00e9s cert. El p\u00fablic sempre \u00e9s el mateix per\u00f2 el sentit de l\u2019humor \u00e9s molt diferent aqu\u00ed Catalunya que a Madrid i, per tant, dins de Catalunya mateix hi ha diferents tipus d\u2019humor. Has de saber trobar el punt. No sempre el trobem perqu\u00e8 de vegades el p\u00fablic no riu les mateixes gr\u00e0cies per\u00f2 aix\u00f2 no vol dir que no els hagi agradat. De vegades no riuen tant per\u00f2 surten contents, animats i molt b\u00e9.<\/p>\n<p><strong>6.- Quina \u00e9s la imitaci\u00f3 que fa riure m\u00e9s al p\u00fablic que et veu en directe?<\/strong><\/p>\n<p>A la gent li fa molt de riure la imitaci\u00f3 de Joan Gaspart, tot i que ara no estigui de moda. No \u00e9s el que m\u00e9s m\u2019agrada a mi per\u00f2 hi ha un moment en qu\u00e8 faig un joc amb el tema dels pronoms febles i a la gent li fa molta gr\u00e0cia. El p\u00fablic riu molt, tamb\u00e9, quan faig el Quim Monz\u00f3 al gag de \u2018L\u2019amanida de l\u2019hort\u2019, un gag on explico que quan em poso nervi\u00f3s pateixo un \u2018monzoneig agut\u2019.<\/p>\n<p><strong>7.- I tu amb quina imitaci\u00f3 t\u2019ho passes millor? Tens algun personatge preferit?<br \/>\n<\/strong><br \/>\nNo en tinc de preferit. M\u2019agraden tots per igual. Preferit per preferit&#8230; sempre dic que m\u2019agraden molt els que canten perqu\u00e8 a mi cantar m\u2019agrada molt. Per tant, el Llu\u00eds Llach, el Tomeu Penya, el Serrat, el Sabina&#8230; m\u2019agraden perqu\u00e8 s\u00f3n cantants. Pel qu\u00e8 fa a la broma&#8230; imitar en Jordi Pujol \u00e9s molt divertit perqu\u00e8 em permet fer un mon\u00f2leg dins d\u2019un mon\u00f2leg. La gent \u00e9s molt agra\u00efda amb aquesta imitaci\u00f3. Riuen molt. Per\u00f2, sigui com sigui, no tinc un personatge que diguis \u201caquest \u00e9s el meu preferit\u201d.<\/p>\n<p><strong>8.- Hi ha alguna imitaci\u00f3 que creguis que no acabes de clavar per\u00f2 que diverteix molt al p\u00fablic?<\/strong><\/p>\n<p><strong>\u00a0<\/strong>Jo tinc un problema perqu\u00e8, b\u00e0sicament, si hi ha alguna imitaci\u00f3 que veig que no s\u2019assembla al personatge real, no la faig. Perqu\u00e8 crec que val m\u00e9s fer cinquanta personatges i fer-los b\u00e9 que fer-ne dos-cents i que n\u2019hi hagi algun que diguis \u201cQui \u00e9s aquest?\u201d. Aleshores, dels personatges que interpreto potser en Ferran Adri\u00e0 no el faig tant igual per\u00f2 a la gent li fa molta gr\u00e0cia. Els altres s\u00f3n for\u00e7a fidels al personatge real per\u00f2 el qu\u00e8 faig \u00e9s donar-li un quart de volta a la imitaci\u00f3 perqu\u00e8 el personatge sigui m\u00e9s exagerat.<\/p>\n<p><strong>9.- Tens experi\u00e8ncia a la r\u00e0dio, a la televisi\u00f3 i al teatre. Qu\u00e8 \u00e9s el millor de cada via de comunicaci\u00f3?<br \/>\n<\/strong><br \/>\nDe la r\u00e0dio la imaginaci\u00f3 i el poder arribar a qualsevol lloc en un moment sense ni maquillatges ni res&#8230; amb imaginaci\u00f3. Et permet crear situacions molt r\u00e0pides.<\/p>\n<p>De la televisi\u00f3 la proximitat. Tot i que la \u2018tele\u2019 \u00e9s una arma de doble fil perqu\u00e8 et pot donar molt o t\u2019ho pot treure tot. \u00c9s a dir, tu pots sortir fent una cosa que no \u00e9s el qu\u00e8 tu volies fer i la gent potser no et va a veure al teatre perqu\u00e8 diuen \u201cBah! All\u00f2 haig d\u2019anar a veure?\u201d. Pot passar.<\/p>\n<p>I jo em quedo amb el teatre de sempre. El teatre o l\u2019actuaci\u00f3 en directe amb el p\u00fablic. Perqu\u00e8 palpes la gent, la veus, rius, et pots fer fotos amb ells&#8230; Dels tres, jo sempre he dit que el teatre \u00e9s el que m\u00e9s m\u2019agrada.<\/p>\n<p><strong>10.- Ens comentaves al principi de l\u2019entrevista que el teatre no viu un bon moment. Qu\u00e8 creus que s\u2019hauria de fer per millorar el seu estat?<br \/>\n<\/strong><br \/>\nDoncs no ho s\u00e9. Jo suposo que aviat trauran aix\u00f2 del 21 (per cent d\u2019IVA) perqu\u00e8 ha estat un invent que no ha sortit b\u00e9 de cap manera. Perqu\u00e8, si trob\u00e9ssim que tot i amb \u2018el 21\u2019, la gent hagu\u00e9s seguit anant al teatre com sempre, hauria estat una cosa per\u00f2 \u00e9s que l\u2019IVA s\u2019ha apujat al 21% i el p\u00fablic s\u2019ha redu\u00eft a un 50% o m\u00e9s. Per tant, crec que d\u2019entrada s\u2019ha de treure \u2018el 21\u2019 i que, a partir d\u2019aqu\u00ed, la gent ja s\u2019animar\u00e0 una miqueta m\u00e9s.<\/p>\n<p><object width=\"570\" height=\"320\" classid=\"clsid:d27cdb6e-ae6d-11cf-96b8-444553540000\" codebase=\"http:\/\/download.macromedia.com\/pub\/shockwave\/cabs\/flash\/swflash.cab#version=6,0,40,0\"><param name=\"allowfullscreen\" value=\"true\" \/><param name=\"allowscriptaccess\" value=\"always\" \/><param name=\"src\" value=\"http:\/\/vimeo.com\/moogaloop.swf?clip_id=68131161&amp;force_embed=1&amp;server=vimeo.com&amp;show_title=0&amp;show_byline=0&amp;show_portrait=0&amp;color=f70d05&amp;fullscreen=1&amp;autoplay=0&amp;loop=0\" \/><embed width=\"570\" height=\"320\" type=\"application\/x-shockwave-flash\" src=\"http:\/\/vimeo.com\/moogaloop.swf?clip_id=68131161&amp;force_embed=1&amp;server=vimeo.com&amp;show_title=0&amp;show_byline=0&amp;show_portrait=0&amp;color=f70d05&amp;fullscreen=1&amp;autoplay=0&amp;loop=0\" allowfullscreen=\"allowfullscreen\" allowscriptaccess=\"always\" \/><\/object><\/p>\n","protected":false},"excerpt":{"rendered":"<p>Pep Plaza (Matar\u00f3, 1972) \u00e9s un actor especialitzat en imitacions humor\u00edstiques que compta amb m\u00e9s de vint anys d\u2019experi\u00e8ncia en el m\u00f3n de l\u2019espectacle: al teatre, a la r\u00e0dio i a la televisi\u00f3. El seu puntal de popularitat arriba amb la imitaci\u00f3 de Pep Guardiola que fa al programa de s\u00e0tira humor\u00edstica Crack\u00f2via de Televisi\u00f3 [&hellip;]<\/p>\n","protected":false},"author":1,"featured_media":27729,"comment_status":"open","ping_status":"open","sticky":false,"template":"","format":"standard","meta":[],"categories":[187],"tags":[214,218,226,227],"_links":{"self":[{"href":"http:\/\/www.diariwin.cat\/temporada4\/wp-json\/wp\/v2\/posts\/19066"}],"collection":[{"href":"http:\/\/www.diariwin.cat\/temporada4\/wp-json\/wp\/v2\/posts"}],"about":[{"href":"http:\/\/www.diariwin.cat\/temporada4\/wp-json\/wp\/v2\/types\/post"}],"author":[{"embeddable":true,"href":"http:\/\/www.diariwin.cat\/temporada4\/wp-json\/wp\/v2\/users\/1"}],"replies":[{"embeddable":true,"href":"http:\/\/www.diariwin.cat\/temporada4\/wp-json\/wp\/v2\/comments?post=19066"}],"version-history":[{"count":1,"href":"http:\/\/www.diariwin.cat\/temporada4\/wp-json\/wp\/v2\/posts\/19066\/revisions"}],"predecessor-version":[{"id":27730,"href":"http:\/\/www.diariwin.cat\/temporada4\/wp-json\/wp\/v2\/posts\/19066\/revisions\/27730"}],"wp:featuredmedia":[{"embeddable":true,"href":"http:\/\/www.diariwin.cat\/temporada4\/wp-json\/wp\/v2\/media\/27729"}],"wp:attachment":[{"href":"http:\/\/www.diariwin.cat\/temporada4\/wp-json\/wp\/v2\/media?parent=19066"}],"wp:term":[{"taxonomy":"category","embeddable":true,"href":"http:\/\/www.diariwin.cat\/temporada4\/wp-json\/wp\/v2\/categories?post=19066"},{"taxonomy":"post_tag","embeddable":true,"href":"http:\/\/www.diariwin.cat\/temporada4\/wp-json\/wp\/v2\/tags?post=19066"}],"curies":[{"name":"wp","href":"https:\/\/api.w.org\/{rel}","templated":true}]}}