{"id":19799,"date":"2013-09-15T13:49:06","date_gmt":"2013-09-15T11:49:06","guid":{"rendered":"http:\/\/www.diariwin.cat\/?p=19799"},"modified":"2015-09-14T09:53:11","modified_gmt":"2015-09-14T09:53:11","slug":"josep-palau-zep-del-tags","status":"publish","type":"post","link":"http:\/\/www.diariwin.cat\/temporada4\/2013\/09\/15\/josep-palau-zep-del-tags\/","title":{"rendered":"Josep Palau, Zep del TAGS"},"content":{"rendered":"<p><strong>Josep Palau (Barcelona, 1989). Badalon\u00ed i presentador del programa TAGS. Ha fet d&#8217;actor a \u201c40 El Musical\u201d, ha copresentat la cavalcada de reis, ha col\u2022laborat amb la revista Entreacte fent una article sobre els nens actors. Est\u00e0 format en el teatre amateur. La seva passi\u00f3 \u00e9s el teatre. Estudia Comunicaci\u00f3 Audiovisual a la Universitat Aut\u00f2noma de Barcelona (UAB).<\/strong><\/p>\n<h3 style=\"text-align: center;\">&#8220;Jo crec que en Zep t\u00e9 una cosa molt bona: la for\u00e7a de voluntat&#8221;<\/h3>\n<p><strong>1.- Qu\u00e8 s\u2019ha de fer per presentar un programa?<\/strong><\/p>\n<p>El cam\u00ed a seguir \u00e9s complicat perqu\u00e8 no hi ha un cam\u00ed clar. No \u00e9s com els metges que tenen un cam\u00ed m\u00e9s definit. S\u2019apunten a medicina, aproven el MIR i comencen a treballar. El que recomano a la gent que em pregunta \u00e9s que estudi\u00efn Comunicaci\u00f3 Audiovisual o Periodisme: que tinguin una base actoral. A partir d\u2019aqu\u00ed el que s\u2019ha de fer \u00e9s fer c\u00e0stings i comen\u00e7ar en els mitjans locals del barri, poble&#8230;<\/p>\n<p><strong>I per ser actor qu\u00e8 s\u2019ha de fer?<\/strong><\/p>\n<p>En part el mateix. Primer, formar-se. Per\u00f2 personalment en aquest camp li trec una mica de pes a la formaci\u00f3 i li faig m\u00e9s cas a la vocaci\u00f3 i a l\u2019experi\u00e8ncia. Aqu\u00ed li diria a qualsevol persona que volgu\u00e9s ser actor que an\u00e9s a l\u2019ateneu del seu barri o poble i particip\u00e9s en la companyia de teatre amateur fent pastorets, etc. Despr\u00e9s podria estudiar, si s\u2019hi vol dedicar professionalment, per\u00f2, per mi, la GRAN ESCOLA \u00e9s el teatre amateur.<\/p>\n<p><strong>2.- Et costa molt fer de Zep?<\/strong><\/p>\n<p>No, perqu\u00e8 despr\u00e9s de quatre anys el tinc interioritzat i perqu\u00e8 en Zep i jo ens assemblem molt. Pr\u00e0cticament no s\u00e9 quan s\u00f3c en Zep o quan s\u00f3c el Josep. A m\u00e9s a m\u00e9s, els quatre companys del TAGS som amics tamb\u00e9 darrera de les c\u00e0meres i aix\u00f2 ens fa tenir un bon \u201crotllo\u201d que ens fa les coses m\u00e9s f\u00e0cils.<\/p>\n<p><strong>3.- Sou com els Polseres?<\/strong><\/p>\n<p>S\u00ed, exacte. Ens vam con\u00e8ixer en els c\u00e0stings. Estem moltes hores junts i aix\u00f2 al final s\u2019acaba notant.<\/p>\n<p><strong>Sou amics?<\/strong><\/p>\n<p>S\u00ed, som amics perqu\u00e8 passem moltes hores junts. Hem fet una mitjana de 1.500 TAGS junts i aix\u00f2 crea un vincle molt gran. Hem anat de vacances junts. Tot i que som perfils bastant diferents, tenim molts interessos en com\u00fa.<\/p>\n<p><strong>4.- Voleu fer alguna cosa junts com els Polseres?<\/strong><\/p>\n<p>B\u00e9, nosaltres hem anat de vacances tots junts.<\/p>\n<p><strong>I alguna cosa m\u00e9s permanent?<\/strong><\/p>\n<p>\u00c9s dif\u00edcil aix\u00f2! No s\u00e9 si ens aguantar\u00edem. Tenim molt bon rotllo per\u00f2 no ens ho plantegem.<\/p>\n<p><strong>5.- Amb quin dels altres personatges s\u2019aniria en Zep a una illa deserta?<\/strong><\/p>\n<p>Bufff. \u00c9s complicat aix\u00f2 eh! No ho s\u00e9! Dep\u00e8n del moment me n\u2019aniria amb un o amb un altre.<\/p>\n<p><strong>6.- Hi ha alguna rivalitat en el grup?<\/strong><\/p>\n<p>S\u00f3n tantes hores junts que acabem sent com germans. Els germans al final sempre tenen alguna baralla. Per\u00f2 mai ens hem barallat tant com per estar picats.<\/p>\n<p><strong>Heu fet algun programa barallats?<\/strong><\/p>\n<p>S\u00ed, algun cop per\u00f2 ens hem barallat molt poc.<\/p>\n<p><strong>7.- Qu\u00e8 \u00e9s el que m\u00e9s t\u2019agrada d\u2019en Zep?<\/strong><\/p>\n<p>Ufff moltes coses! Jo crec que t\u00e9 una cosa molt bona: la for\u00e7a de voluntat, l\u2019esperit de superaci\u00f3 i la cultura de l\u2019esfor\u00e7. Tamb\u00e9 l\u2019impuls que d\u00f3na als altres membres del grup. Aquesta \u00e9s la gran difer\u00e8ncia respecte els altres personatges: no defallir i lluitar pels somnis.<\/p>\n<p><strong>I el que t\u2019agrada menys?<\/strong><\/p>\n<p>El punt de \u201cxuleria\u201d que t\u00e9. Tot i que, personalment crec que \u00e9s una \u201cxuleria\u201d bona, sense mal\u00edcia. Cap dels personatges del TAGS la t\u00e9.<\/p>\n<p><strong>8.- I qu\u00e8 \u00e9s el que m\u00e9s t\u2019agrada de Josep Palau?<\/strong><\/p>\n<p>Doncs com he dit abans amb el Zep: la cultura de l\u2019esfor\u00e7. Aix\u00f2 s\u00ed que ho tinc. S\u00f3c molt tossut i si una cosa no surt a la primera sortir\u00e0 a la segona.<\/p>\n<p><strong>I la que t\u2019agrada menys?<\/strong><\/p>\n<p>Mmmm. No ho s\u00e9. Complicat. N\u2019hi han moltes. De defectes n\u2019hi ha molts, per\u00f2 ara mateix&#8230; Prefereixo no dir-los i no ensenyar els punts febles&#8230;<\/p>\n<p><strong>9.- Un programa com el TAGS nom\u00e9s es podria fer a una televisi\u00f3 p\u00fablica?<\/strong><\/p>\n<p>No crec que nom\u00e9s es pugui fer en una televisi\u00f3 p\u00fablica per\u00f2 s\u00ed que crec que el TAGS \u00e9s un programa de servei p\u00fablic. El TAGS \u00e9s un programa que est\u00e0 omplint un forat que no tenia contingut i es fa des dels criteris d\u2019una televisi\u00f3 p\u00fablica. \u00c9s a dir, els continguts s\u00f3n totalment plurals, per\u00f2 reben un tractament que permet a qualsevol persona d\u2019entre set i dotze anys entendre el programa. I des d\u2019un punt de vista plenament catal\u00e0 i catalanoc\u00e8ntric. Aix\u00f2 vol dir que es fa des de Catalunya cap al m\u00f3n. A m\u00e9s a m\u00e9s, el servei p\u00fablic del nostre programa \u00e9s una garantia pels pares, ja que s\u2019asseguren que els seus fills vegin un contingut totalment adequat per a la seva edat.<\/p>\n<p><strong>10.- Qu\u00e8 n\u2019opines de l\u2019exist\u00e8ncia d\u2019un diari que apropi les not\u00edcies d\u2019actualitat als nens?<\/strong><\/p>\n<p>Crec que \u00e9s una iniciativa que est\u00e0 molt b\u00e9 perqu\u00e8 el que hem d\u2019aconseguir \u00e9s crear aquesta inquietud i que la gent vulgui con\u00e8ixer que passa al seu voltant. Encara que alg\u00fa digui que un determinat tema no li interessa, li afecta. El que hem d\u2019aconseguir \u00e9s despertar aquesta inquietud per crear la necessitat de llegir la premsa, etc. I el Diari Win \u00e9s una iniciativa fant\u00e0stica per comen\u00e7ar a llegir-la.<\/p>\n<p><iframe loading=\"lazy\" src=\"\/\/player.vimeo.com\/video\/64792394?title=0&amp;byline=0&amp;portrait=0\" width=\"570\" height=\"281\" frameborder=\"0\"><\/iframe><\/p>\n<p>&nbsp;<\/p>\n<h3>Minitest<\/h3>\n<p><strong>Viatge:<\/strong> Interrail (un bitllet que et d\u00f3na via lliure per agafar qualsevol tren d\u2019Europa)<\/p>\n<p><strong>Esport:<\/strong> B\u00e0squet<\/p>\n<p><strong>Videojoc:<\/strong> Age of Empire i &#8230; Call of Duty<\/p>\n<p><strong>Animal:<\/strong> Cavall<\/p>\n","protected":false},"excerpt":{"rendered":"<p>Josep Palau (Barcelona, 1989). Badalon\u00ed i presentador del programa TAGS. Ha fet d&#8217;actor a \u201c40 El Musical\u201d, ha copresentat la cavalcada de reis, ha col\u2022laborat amb la revista Entreacte fent una article sobre els nens actors. Est\u00e0 format en el teatre amateur. La seva passi\u00f3 \u00e9s el teatre. Estudia Comunicaci\u00f3 Audiovisual a la Universitat Aut\u00f2noma [&hellip;]<\/p>\n","protected":false},"author":1,"featured_media":27724,"comment_status":"open","ping_status":"open","sticky":false,"template":"","format":"standard","meta":[],"categories":[187],"tags":[228,229,230],"_links":{"self":[{"href":"http:\/\/www.diariwin.cat\/temporada4\/wp-json\/wp\/v2\/posts\/19799"}],"collection":[{"href":"http:\/\/www.diariwin.cat\/temporada4\/wp-json\/wp\/v2\/posts"}],"about":[{"href":"http:\/\/www.diariwin.cat\/temporada4\/wp-json\/wp\/v2\/types\/post"}],"author":[{"embeddable":true,"href":"http:\/\/www.diariwin.cat\/temporada4\/wp-json\/wp\/v2\/users\/1"}],"replies":[{"embeddable":true,"href":"http:\/\/www.diariwin.cat\/temporada4\/wp-json\/wp\/v2\/comments?post=19799"}],"version-history":[{"count":2,"href":"http:\/\/www.diariwin.cat\/temporada4\/wp-json\/wp\/v2\/posts\/19799\/revisions"}],"predecessor-version":[{"id":27726,"href":"http:\/\/www.diariwin.cat\/temporada4\/wp-json\/wp\/v2\/posts\/19799\/revisions\/27726"}],"wp:featuredmedia":[{"embeddable":true,"href":"http:\/\/www.diariwin.cat\/temporada4\/wp-json\/wp\/v2\/media\/27724"}],"wp:attachment":[{"href":"http:\/\/www.diariwin.cat\/temporada4\/wp-json\/wp\/v2\/media?parent=19799"}],"wp:term":[{"taxonomy":"category","embeddable":true,"href":"http:\/\/www.diariwin.cat\/temporada4\/wp-json\/wp\/v2\/categories?post=19799"},{"taxonomy":"post_tag","embeddable":true,"href":"http:\/\/www.diariwin.cat\/temporada4\/wp-json\/wp\/v2\/tags?post=19799"}],"curies":[{"name":"wp","href":"https:\/\/api.w.org\/{rel}","templated":true}]}}