{"id":2120,"date":"2012-05-01T19:19:21","date_gmt":"2012-05-01T19:19:21","guid":{"rendered":"http:\/\/www.infokids.cat\/noticies\/?p=2120"},"modified":"2015-09-14T11:23:11","modified_gmt":"2015-09-14T11:23:11","slug":"la-tru-i-jo-sempre-busquem-el-canto-positiu-de-les-coses-i","status":"publish","type":"post","link":"http:\/\/www.diariwin.cat\/temporada4\/2012\/05\/01\/la-tru-i-jo-sempre-busquem-el-canto-positiu-de-les-coses-i\/","title":{"rendered":"Anna Moliner, actriu del Club Super 3"},"content":{"rendered":"<p><strong>L\u2019Anna Moliner \u00e9s una actriu amb molts registres. Els nens i nenes la segueixen al Super3 on fa el personatge de la Tru, una alegre porqueta que tot ho veu \u201camazing\u201d (incre\u00efble) i \u201cwonderful\u201d (meravell\u00f3s). I la resta la coneixen tamb\u00e9 per les seves aparicions a la s\u00e8rie \u201cLa sagrada fam\u00edlia\u201d (tamb\u00e9 a TV3) i els seus treballs al teatre, on \u00e9s una de les veus m\u00e9s prometedores del musical catal\u00e0.<\/strong><\/p>\n<h3 style=\"text-align: center;\">\u201cLa Tru i jo sempre busquem el cant\u00f3 positiu de les coses\u201d<\/h3>\n<p><strong>1. Anna, recordes quan vas decidir que volies ser actriu?<\/strong><\/p>\n<p>Mmmmm&#8230;no recordo el moment concret que vaig prendre la decisi\u00f3 per\u00f2 des de molt petita vaig tenir molt clar que seria actriu.<\/p>\n<p><strong>2. Cal estudiar moltes hores per ser actriu o les actrius ja naixeu amb un do?<\/strong><\/p>\n<p>Les dues coses s\u00f3n molt importants, com en totes les feines. Crec que hi ha d\u2019haver un talent de base, una for\u00e7a que t\u2019empenyi a anar cap all\u00e0, per\u00f2 \u00f2bviament amb el treball i la pr\u00e0ctica s\u2019apr\u00e8n molt.<\/p>\n<p><strong>3. Interpretes la Tru del Super3, que com tota la fam\u00edlia del programa \u00e9s una estrella de l\u2019animaci\u00f3 que aterra al m\u00f3n dels humans. Si et deixessin triar, en quin personatge dels dibuixos animats et convertiries?<\/strong><\/p>\n<p>En l\u2019\u201dAnne de las teules verdes\u201d, la protagonista d\u2019una s\u00e8rie de la meva \u00e8poca. M\u2019encantava! Era una nena orfe que havia estat adoptada per una parella gran i tenia una casa amb les teules de color verd. Tenia molta imaginaci\u00f3 i es va acabar fent escriptora. D\u2019aquesta hist\u00f2ria van fer-ne una pel\u00b7l\u00edcula tamb\u00e9.<\/p>\n<p><strong>4. La Tru representa que \u00e9s una porqueta i el seu amic Fluski \u00e9s un gat. Quin \u00e9s el teu animal preferit de la realitat o de la ficci\u00f3?<\/strong><\/p>\n<p>M\u2019ho he de pensar&#8230;me n\u2019agraden molts per\u00f2 et diria el gos. El vincle que es crea entre l\u2019amo i ells \u00e9s una passada! Tinc un Jack Rusell de set mesos.<\/p>\n<p><strong>5. A la Tru sempre la veiem \u201chappy\u201d i contenta. Tu tamb\u00e9 penses que sempre hem de buscar el cant\u00f3 positiu de les coses?<\/strong><\/p>\n<p>Totalment, m\u2019identifico molt amb aquesta caracter\u00edstica de la Tru. Jo tamb\u00e9 s\u00f3c molt aix\u00ed. Sempre que m\u2019ha passat alguna cosa dolenta li he sabut trobar la part positiva.<\/p>\n<p><strong>6. Sense sortir de la televisi\u00f3, tamb\u00e9 t\u2019hem vist a \u201cLa sagrada fam\u00edlia\u201d interpretant la Janis, una noia que es creu molt llesta i s\u2019aprofita dels pares tant com pot. Qu\u00e8 faries si tinguessis una germana com la Janis?<\/strong><\/p>\n<p>(Riu) Li tinc molt de &#8220;carinyo\u201d a la Janis, no s\u00e9 que dir-te. Suposo que intentaria fotre-li canya! Per\u00f2 ben mirat, a la Janis li va la canya, aix\u00ed que no s\u00e9 si seria pitjor el remei que la malaltia. Li diria que no deix\u00e9s de ser ella mateixa per\u00f2 que s\u2019espavili, que no es pot aprofitar dels pares d\u2019aquesta manera!<\/p>\n<p><strong>7. Tu que ets una gran actriu de musicals ens explicar\u00e0s com \u00e9s possible que pugueu actuar i cantar a la vegada sense marejar-vos. \u00c9s una feina que exigeix molts assajos i entrenaments?<\/strong><\/p>\n<p>S\u00ed, requereix un gran entrenament f\u00edsic i vocal. De tota manera no \u00e9s tan diferent del teatre de text perqu\u00e8 els actors hem d\u2019estar en forma constantment. El nostre instrument, la nostra eina de treball, \u00e9s la veu i el cos. Per aix\u00f2 ens hem de cuidar tant.<\/p>\n<p><strong>8. Has sigut la Caputxeta del musical \u201cBoscos endins\u201d, una obra que reunia els personatges m\u00e9s populars dels contes. Els contes s\u00f3n m\u00e9s m\u00e0gics i fant\u00e0stics quan els veus representats al teatre?<\/strong><\/p>\n<p>Tot el teatre \u00e9s m\u00e0gic i qualsevol obra \u00e9s com un conte. Aix\u00f2 \u00e9s el que m\u2019agrada del teatre: vens, t\u2019expliquen una hist\u00f2ria i veus que hi ha vida a dalt de l\u2019escenari. A \u201cBoscos endins\u201d aquesta m\u00e0gia era especialment bonica perqu\u00e8 Sondheim (l\u2019autor nord-americ\u00e0 del text) \u00e9s un mestre del musical.<\/p>\n<p><strong>9. Com hem vist, la teva traject\u00f2ria est\u00e0 molt relacionada amb el m\u00f3n dels nens. Qu\u00e8 diferencia el p\u00fablic infantil del p\u00fablic adult?<\/strong><\/p>\n<p>El p\u00fablic infantil \u00e9s molt sincer i aix\u00f2 est\u00e0 molt b\u00e9. Quan tens la sort de fer una cosa que t\u00e9 un contacte directe amb el m\u00f3n dels nens, s\u00f3n tan naturals que et transmeten tot el que estan vivint. D\u2019aquesta manera et donen moltes lli\u00e7ons, bones i dolentes: \u00e9s un p\u00fablic que et fa millorar. Els adults retenim molt m\u00e9s els sentiments.<\/p>\n<p><strong>10. Per acabar, et sembla bona idea fer un mitj\u00e0 de comunicaci\u00f3 dirigit als nens i nenes que barregi la informaci\u00f3 i els jocs interactius?<\/strong><\/p>\n<p>Em sembla fant\u00e0stic! Tot el que vagi destinat a despertar la curiositat i el coneixement dels joves \u00e9s una idea meravellosa.\u00a0<strong>\u00a0<\/strong><\/p>\n<p>&nbsp;<\/p>\n<h3>El minitest<\/h3>\n<p><strong>Viatge:\u00a0<\/strong>Als Estats Units<\/p>\n<p><strong>Animal:\u00a0<\/strong>El gos<\/p>\n<p><strong>Videojoc:\u00a0<\/strong>Vaig tenir una \u00e8poca de jugar molt al Resident Evil (el joc proposa combatre un estrany virus que amena\u00e7a d\u2019infectar els humans i transformar-los en zombis).<\/p>\n<p><strong>Esport:\u00a0<\/strong>Anar en bicicleta<\/p>\n<p><strong>Llibre:\u00a0<\/strong>\u201cAna Karenina\u201d, novel\u00b7la del rus Lev Tolstoi que narra la hist\u00f2ria d\u2019una dona del segle XIX (publicada l\u2019any 1877).<\/p>\n<p>&nbsp;<\/p>\n","protected":false},"excerpt":{"rendered":"<p>L\u2019Anna Moliner \u00e9s una actriu amb molts registres. Els nens i nenes la segueixen al Super3 on fa el personatge de la Tru, una alegre porqueta que tot ho veu \u201camazing\u201d (incre\u00efble) i \u201cwonderful\u201d (meravell\u00f3s). I la resta la coneixen tamb\u00e9 per les seves aparicions a la s\u00e8rie \u201cLa sagrada fam\u00edlia\u201d (tamb\u00e9 a TV3) i [&hellip;]<\/p>\n","protected":false},"author":1,"featured_media":27780,"comment_status":"open","ping_status":"open","sticky":false,"template":"","format":"standard","meta":[],"categories":[187],"tags":[193,188,194],"_links":{"self":[{"href":"http:\/\/www.diariwin.cat\/temporada4\/wp-json\/wp\/v2\/posts\/2120"}],"collection":[{"href":"http:\/\/www.diariwin.cat\/temporada4\/wp-json\/wp\/v2\/posts"}],"about":[{"href":"http:\/\/www.diariwin.cat\/temporada4\/wp-json\/wp\/v2\/types\/post"}],"author":[{"embeddable":true,"href":"http:\/\/www.diariwin.cat\/temporada4\/wp-json\/wp\/v2\/users\/1"}],"replies":[{"embeddable":true,"href":"http:\/\/www.diariwin.cat\/temporada4\/wp-json\/wp\/v2\/comments?post=2120"}],"version-history":[{"count":2,"href":"http:\/\/www.diariwin.cat\/temporada4\/wp-json\/wp\/v2\/posts\/2120\/revisions"}],"predecessor-version":[{"id":27782,"href":"http:\/\/www.diariwin.cat\/temporada4\/wp-json\/wp\/v2\/posts\/2120\/revisions\/27782"}],"wp:featuredmedia":[{"embeddable":true,"href":"http:\/\/www.diariwin.cat\/temporada4\/wp-json\/wp\/v2\/media\/27780"}],"wp:attachment":[{"href":"http:\/\/www.diariwin.cat\/temporada4\/wp-json\/wp\/v2\/media?parent=2120"}],"wp:term":[{"taxonomy":"category","embeddable":true,"href":"http:\/\/www.diariwin.cat\/temporada4\/wp-json\/wp\/v2\/categories?post=2120"},{"taxonomy":"post_tag","embeddable":true,"href":"http:\/\/www.diariwin.cat\/temporada4\/wp-json\/wp\/v2\/tags?post=2120"}],"curies":[{"name":"wp","href":"https:\/\/api.w.org\/{rel}","templated":true}]}}