{"id":22182,"date":"2014-02-01T16:10:21","date_gmt":"2014-02-01T15:10:21","guid":{"rendered":"http:\/\/www.diariwin.cat\/?p=22182"},"modified":"2015-09-10T11:33:21","modified_gmt":"2015-09-10T11:33:21","slug":"marta-bach","status":"publish","type":"post","link":"http:\/\/www.diariwin.cat\/temporada4\/2014\/02\/01\/marta-bach\/","title":{"rendered":"Marta Bach, jugadora de waterpolo"},"content":{"rendered":"<p><strong>Marta Bach (Matar\u00f3, 1993) \u00e9s jugadora de l\u2019equip de waterpolo femen\u00ed del Centre Nataci\u00f3 Matar\u00f3 i jugadora de la selecci\u00f3 espanyola que va guanyar la plata als Jocs Ol\u00edmpics del 2012. Va obtenir l\u2019or al Campionat del M\u00f3n J\u00fanior de Trieste 2011 i tamb\u00e9 l\u2019or al Campionat del m\u00f3n de nataci\u00f3 Barcelona 2013. La jove esportista \u00e9s tamb\u00e9 estudiant de Farm\u00e0cia. El seu proper gran objectiu \u00e9s guanyar medalla als Jocs Ol\u00edmpics de Rio de Janeiro 2016.<\/strong><\/p>\n<h1>\u201cAbans tot era primer pels nois. Ara ha canviat una mica\u201d<\/h1>\n<p><strong>Per\u00a0Georgina Altarriba\/ACPG<\/strong><\/p>\n<p><strong>1.- Or al Campionat del M\u00f3n J\u00fanior de Trieste 2011, plata als Jocs Ol\u00edmpics de Londres 2012 i or al Campionat del M\u00f3n de Barcelona 2013. Les medalles d\u2019or dels mundials tenen el mateix valor que la plata ol\u00edmpica? Com ho has viscut?<\/strong><\/p>\n<p>S\u00f3n tres moments potser molt diferents. L\u2019or del mundial J\u00fanior arriba despr\u00e9s d\u2019un mundial absolut que va anar molt malament i, a part, arriba en un grup que duu molts anys treballant, despr\u00e9s d\u2019una preparaci\u00f3 molt llarga, despr\u00e9s d\u2019haver treballat molt dur. Per aix\u00f2 jo el trobo com una recompensa de molts anys de preparaci\u00f3 d\u2019un equip, de fet d\u2019una generaci\u00f3. La plata ol\u00edmpica? B\u00e9, \u00e9s que m\u00e9s que la plata s\u00f3n els Jocs, en conjunt. \u00c9s el somni de qualsevol esportista i jo encara no en s\u00f3c del tot conscient d\u2019aix\u00f2: ni de la import\u00e0ncia que tenen els Jocs Ol\u00edmpics ni de la import\u00e0ncia que t\u00e9 la medalla. I despr\u00e9s el mundial, un or i a casa&#8230; \u00e9s que jo crec que millor no hauria pogut ser.<\/p>\n<p><strong>2.- I quin \u00e9s el record m\u00e9s emocionant d\u2019aquests tres grans moments de la teva carrera esportiva?<\/strong><\/p>\n<p>Record emocionant&#8230; (fa una pausa pensativa) &#8230;del mundial J\u00fanior els tres \u00faltims partits \u2013quarts, semifinals i final- van ser d\u2019infart. Van ser uns moments s\u00faper \u2018wais\u2019 amb l\u2019equip. De la plata ol\u00edmpica em quedo potser amb les semifinals de les Olimp\u00edades perqu\u00e8 vam gaudir molt totes com equip, ens ho vam passar genial i tamb\u00e9 perqu\u00e8 tenia la meva mare, els meus tiets i el meu germ\u00e0 all\u00e0. I l\u2019or mundial em quedo amb el moment de sortir a la presentaci\u00f3 i trobar-me amb les quatre mil persones \u2013no s\u00e9 les que hi havia- i veure que tothom estava amb nosaltres. Era la gent de casa i sabia que tenia tota la fam\u00edlia a la grada. Aquell moment va ser&#8230; vaja, preci\u00f3s.<\/p>\n<p><strong>3.- A Londres van guanyar les noies dels Estats Units. All\u00e0 tenen una millor preparaci\u00f3 i instal\u2022lacions? O no us podeu queixar amb el nivell que teniu aqu\u00ed?<\/strong><\/p>\n<p>A veure, la preparaci\u00f3 la deuen tenir millor perqu\u00e8 els recursos deuen ser molt milors, n\u2019estic segura. Nosaltres econ\u00f2micament tamb\u00e9 notem la crisi. Est\u00e0 clar que a l\u2019esport tamb\u00e9 ens afecta i potser de dos mesos i mig que podr\u00edem fer de preparaci\u00f3 n\u2019estem fent un o un mig. Tant deb\u00f2 pogu\u00e9ssim tenir m\u00e9s temps. Pel qu\u00e8 fa a les instal\u2022lacions no ens podem queixar perqu\u00e8 les del C.A.R. (Centre d\u2019Alt Rendiment) la veritat \u00e9s que estan molt b\u00e9. I ara a veure si de mica en mica la cosa va una mica millor&#8230; ara que el waterpolo femen\u00ed s\u2019est\u00e0 fent m\u00e9s popular i que la gent ens comen\u00e7a a escoltar sembla que les coses van millor, la veritat.<\/p>\n<p><strong>4.- Sou un esport minoritari per\u00f2 als mundials i, sobretot als Jocs, el p\u00fablic es multiplica i passeu a jugar davant de milers de persones. Com viviu aquesta nova experi\u00e8ncia? Com ho vareu viure, per exemple, a Londres?<\/strong><\/p>\n<p>La veritat \u00e9s el nostre entrenador \u2013Miki Oca- ens va preparar molt. Als Jocs, i va haver un moment en qu\u00e8 abans de comen\u00e7ar la competici\u00f3 ens porta a la piscina, la piscina buida, i ens diu: \u201cTanqueu els ulls i imagineu-vos que est\u00e0 plena i la sensaci\u00f3 que us vingui guardeu-vos-la perqu\u00e8 \u00e9s amb el qu\u00e8 us trobareu dem\u00e0 en el moment de sortir\u201d.<\/p>\n<p><strong>5.- La premsa i el p\u00fablic us prenen amb la mateixa seriositat amb qu\u00e8 es pren els equips masculins? Hi ha discriminaci\u00f3 entre el waterpolo mascul\u00ed i el femen\u00ed?<\/strong><\/p>\n<p>S\u00ed, a veure \u00e9s aix\u00ed, la veritat. Estem a un esport minoritari i a sobre som les femenines. O sigui que som el m\u00e9s \u00faltim. S\u00ed que \u00e9s veritat que han canviat una mica les coses i que ara ens fan una mica m\u00e9s de cas. Abans tot era primer pels nois i despr\u00e9s per nosaltres. Ara ha canviat una mica. No del tot per\u00f2 ha canviat. Per\u00f2 vaja \u00e9s que clar despr\u00e9s d\u2019una plata ol\u00edmpica i d\u2019un or mundial ha de canviar. Molta gent ens pregunta \u201cCom podeu fer waterpolo sense cobrar res? No, \u00e9s que sempre ha estat aix\u00ed. Sempre ho hem viscut aix\u00ed i ens hem educat aix\u00ed. Clar que fa r\u00e0bia per\u00f2 intentarem canviar-ho. Ho estem intentant.<\/p>\n<p><strong>6.- Quins s\u00f3n els valors que creus que us han fet campiones?<\/strong><\/p>\n<p>Est\u00e0 clar que \u00e9s equip. Sempre el grup. La uni\u00f3 del grup \u00e9s molt important. Nosaltres si hi hem arribat on hem arribat \u00e9s gr\u00e0cies tamb\u00e9 a aix\u00f2. Al dia a dia, tenir molta il\u2022lusi\u00f3 i const\u00e0ncia i trobar molt suport en les teves companyes. \u00c9s un factor molt important perqu\u00e8 potser tens un dia que penses que ja no vols entrenar m\u00e9s, que est\u00e0s fins el monyo de tot per\u00f2 llavors arribes a l\u2019entrenament i et trobes amb una companya que aquell dia est\u00e0 b\u00e9. I aix\u00ed ens compensem totes i per aix\u00f2 anem tan endavant i podem arribar tan lluny\u201d.<\/p>\n<p><strong>7.- Tan a l\u2019equip del Centre Nataci\u00f3 Matar\u00f3 com a l\u2019equip de la selecci\u00f3 espanyola sou noies molt joves amb grans responsabilitats i objectius m\u00e0xims. Quan Com es gestiona l\u2019ambici\u00f3 en el m\u00f3n de la competici\u00f3?<\/strong><\/p>\n<p>Tenim la sort que tenim un entrenador que ha viscut tot aix\u00f2 i ell sap qu\u00e8 \u00e9s \u2018fotre-se-la\u2019 com aquell qui diu i en aix\u00f2 ell ens marca molt. Sempre ens diu: \u201cSi molt b\u00e9, hem fet un pas endavant per\u00f2&#8230; peus a terra!\u201d.<\/p>\n<p><strong>8.- Et vas con\u00e8ixer amb la teva companya d\u2019equip a la selecci\u00f3 espanyola, Roser Tarrag\u00f3, a la colla castellera de Matar\u00f3, els Capgrossos. Qu\u00e8 vareu aprendre a la colla que heu pogut aplicar al waterpolo?<\/strong><\/p>\n<p>Cada cop ens adonem que m\u00e9s perqu\u00e8 llavors \u00e9rem molt petites i no n\u2019\u00e9rem gaire conscients per\u00f2 moltes coses varem aprendre. La import\u00e0ncia del treball en grup, per exemple. Amb els castellers o treballes en equip o no surt aquell castell que tu vols. L\u2019esfor\u00e7. L\u2019esfor\u00e7 en la colla \u00e9s un valor clau. L\u2019anar pas a pas. Els Capgrossos diuen:: \u201cPas a pas i pis a pis\u201d. Aprendre a anar de mica en mica i anar fent d\u2019esglaonet en esglaonet. La veritat \u00e9s que moltes coses de l\u2019equip nosaltres les relacionem amb els Capgrossos.<\/p>\n<p><strong>9.- \u00c9s necessari aquest esperit d\u2019equip que tant b\u00e9 descrius per tirar endavant en qualsevol faceta de la vida ?<\/strong><\/p>\n<p>S\u00ed. \u00c9s el punt d\u2019inflexi\u00f3 per a poder aconseguir una cosa. Sense l\u2019equip nosaltres no haur\u00edem arribat tan lluny. Dins d\u2019un equip, quan alg\u00fa vol anar sol la balan\u00e7a ja es desequilibra i ja comen\u00e7a a anar malament. A la que cau una cau una altra i al final caiem totes i les coses comencen a anar malament. La uni\u00f3 i l\u2019equip \u00e9s el que et portar\u00e0 als \u00e8xits.<\/p>\n<p><strong>10.- Ja has fet molta feina i has obtingut grans \u00e8xits. Com es presenten els propers objectius? Quins s\u00f3n?<\/strong><\/p>\n<p>Proper objectiu ara a nivell de selecci\u00f3 \u00e9s l\u2019europeu que tenim aquest estiu, a nivell europeu amb aquest grup de jugadores no hem fet res per\u00f2 intentarem estar all\u00e0 dalt. Els europeus s\u00f3n complicats, hi ha molt nivell. L\u2019objectiu m\u00e9s lluny\u00e0 s\u00f3n els Jocs de Rio i pel qu\u00e8 fa al tema club arriba al m\u00e9s alt i intentar plantar-li cara al Club Nataci\u00f3 Sabadell.<\/p>\n<p><object width=\"570\" height=\"318\" classid=\"clsid:d27cdb6e-ae6d-11cf-96b8-444553540000\" codebase=\"http:\/\/download.macromedia.com\/pub\/shockwave\/cabs\/flash\/swflash.cab#version=6,0,40,0\"><param name=\"allowfullscreen\" value=\"true\" \/><param name=\"allowscriptaccess\" value=\"always\" \/><param name=\"src\" value=\"http:\/\/vimeo.com\/moogaloop.swf?clip_id=82622576&amp;force_embed=1&amp;server=vimeo.com&amp;show_title=0&amp;show_byline=0&amp;show_portrait=0&amp;color=f00008&amp;fullscreen=1&amp;autoplay=0&amp;loop=0\" \/><embed width=\"570\" height=\"318\" type=\"application\/x-shockwave-flash\" src=\"http:\/\/vimeo.com\/moogaloop.swf?clip_id=82622576&amp;force_embed=1&amp;server=vimeo.com&amp;show_title=0&amp;show_byline=0&amp;show_portrait=0&amp;color=f00008&amp;fullscreen=1&amp;autoplay=0&amp;loop=0\" allowfullscreen=\"allowfullscreen\" allowscriptaccess=\"always\" \/><\/object><\/p>\n","protected":false},"excerpt":{"rendered":"<p>Marta Bach (Matar\u00f3, 1993) \u00e9s jugadora de l\u2019equip de waterpolo femen\u00ed del Centre Nataci\u00f3 Matar\u00f3 i jugadora de la selecci\u00f3 espanyola que va guanyar la plata als Jocs Ol\u00edmpics del 2012. Va obtenir l\u2019or al Campionat del M\u00f3n J\u00fanior de Trieste 2011 i tamb\u00e9 l\u2019or al Campionat del m\u00f3n de nataci\u00f3 Barcelona 2013. La jove [&hellip;]<\/p>\n","protected":false},"author":1,"featured_media":27701,"comment_status":"open","ping_status":"open","sticky":false,"template":"","format":"standard","meta":[],"categories":[187],"tags":[270,269],"_links":{"self":[{"href":"http:\/\/www.diariwin.cat\/temporada4\/wp-json\/wp\/v2\/posts\/22182"}],"collection":[{"href":"http:\/\/www.diariwin.cat\/temporada4\/wp-json\/wp\/v2\/posts"}],"about":[{"href":"http:\/\/www.diariwin.cat\/temporada4\/wp-json\/wp\/v2\/types\/post"}],"author":[{"embeddable":true,"href":"http:\/\/www.diariwin.cat\/temporada4\/wp-json\/wp\/v2\/users\/1"}],"replies":[{"embeddable":true,"href":"http:\/\/www.diariwin.cat\/temporada4\/wp-json\/wp\/v2\/comments?post=22182"}],"version-history":[{"count":2,"href":"http:\/\/www.diariwin.cat\/temporada4\/wp-json\/wp\/v2\/posts\/22182\/revisions"}],"predecessor-version":[{"id":27702,"href":"http:\/\/www.diariwin.cat\/temporada4\/wp-json\/wp\/v2\/posts\/22182\/revisions\/27702"}],"wp:featuredmedia":[{"embeddable":true,"href":"http:\/\/www.diariwin.cat\/temporada4\/wp-json\/wp\/v2\/media\/27701"}],"wp:attachment":[{"href":"http:\/\/www.diariwin.cat\/temporada4\/wp-json\/wp\/v2\/media?parent=22182"}],"wp:term":[{"taxonomy":"category","embeddable":true,"href":"http:\/\/www.diariwin.cat\/temporada4\/wp-json\/wp\/v2\/categories?post=22182"},{"taxonomy":"post_tag","embeddable":true,"href":"http:\/\/www.diariwin.cat\/temporada4\/wp-json\/wp\/v2\/tags?post=22182"}],"curies":[{"name":"wp","href":"https:\/\/api.w.org\/{rel}","templated":true}]}}