{"id":22925,"date":"2014-04-01T15:06:12","date_gmt":"2014-04-01T13:06:12","guid":{"rendered":"http:\/\/www.diariwin.cat\/?p=22925"},"modified":"2015-09-09T12:53:57","modified_gmt":"2015-09-09T12:53:57","slug":"quim-masferrer-humorista","status":"publish","type":"post","link":"http:\/\/www.diariwin.cat\/temporada4\/2014\/04\/01\/quim-masferrer-humorista\/","title":{"rendered":"Quim Masferrer, humorista"},"content":{"rendered":"<p><strong>Per Georgina Altarriba \/ ACPG<\/strong><\/p>\n<p><strong>Quim Masferrer neix el 1971 a Sant Feliu de Buixalleu, un poble de La Selva de menys de mil habitants. Un poble doncs, que comparteix caracter\u00edstiques amb els indrets que Masferrer visita amb el seu \u00faltim \u00e8xit televisiu em\u00e8s per TV3: \u2018El Foraster\u2019. El ve\u00ed d\u2019Arb\u00facies \u00e9s autor, director i actor i \u00e9s el fundador de la productora teatral Teatre de Guerrilla amb la que ha girat diverses obres de teatre com \u2018El Xarlatan\u2019. Ha dirigit i protagonitzat programes televisius i radiof\u00f2nics per TV3, RAC1 i Catalunya R\u00e0dio. Actualment gira l\u2019obra \u2018Temps\u2019 i participa en el programa Directe 4.0 de R\u00e0dio 4.<\/strong><\/p>\n<h3>&#8220;Et pares all\u00e0 i te n\u2019adones que potser t\u2019interessa molt m\u00e9s la persona que hi ha darrera d\u2019un mostrador d\u2019un museu que no pas el propi museu&#8221;<\/h3>\n<p><strong>1.- &#8220;El Foraster&#8221; \u00e9s un programa televisiu que parla dels pobles catalans de menys de mil habitants. Com \u00e9s aquesta Catalunya?<\/strong><\/p>\n<p>\u00c9s la meva. \u00c9s la meva Catalunya. Jo s\u00f3c de Sant Feliu de Buixalleu que \u00e9s un poble que t\u00e9 menys de mil habitants i, clar, aquest programa \u00e9s ideal per a mi. T\u00e9 tots els ingredients. Per un costat s\u00f3c de pobles petits, m\u2019apassionen. Jo havia fet de foraster sense c\u00e0meres molt temps. Sempre m\u2019ha agradat arribar a un poble que no coneixes i descobrir-lo a trav\u00e9s de la seva gent. A m\u00e9s, m\u2019agrada el teatre i a \u2018El Foraster\u2019 hi faig teatre a trav\u00e9s d\u2019un mon\u00f2leg i m\u2019agrada la televisi\u00f3. \u2018El Foraster\u2019 el qu\u00e8 fa \u00e9s dedicar cinquanta minuts de televisi\u00f3 a un poble de menys de mil habitants i a aix\u00f2 hi estem molt poc acostumats. I cal dir-ho: a Catalunya el gruix m\u00e9s important de municipis que hi ha \u00e9s de municipis de menys de mil habitants.<\/p>\n<p><strong>2.- &#8220;El Foraster&#8221; ha tingut \u00e8xit des del primer moment. Esper\u00e0veu aquesta rebuda per part de l\u2019audi\u00e8ncia?<\/strong><\/p>\n<p>Mentre prepares un projecte nou amb el teu equip, sempre creus que all\u00f2 que fas ser\u00e0 la bomba, que anir\u00e0 molt b\u00e9. Amb \u2018El Foraster\u2019 passava el mateix i, a sobre, sab\u00edem que no est\u00e0vem fent una cosa mediocre. Est\u00e0vem arriscant i sempre amb la sensaci\u00f3 de que funcionaria. Tot s\u2019ha de dir, tamb\u00e9, que mai saps del cert com anir\u00e0. Hi ha hagut programes molt ben fets que l\u2019audi\u00e8ncia no els ha acompanyat i programes que a mi personalment no m\u2019agraden gens per\u00f2 que van molt b\u00e9 d\u2019audi\u00e8ncia. Sigui com sigui, de moment l\u2019audi\u00e8ncia ha anat molt b\u00e9 i estem molt contents.<\/p>\n<p><strong>3.- Com es troba de salut Catalunya rural? Pateix els mateixos mals que es pateix a les grans capitals?<\/strong><\/p>\n<p>S\u00ed. Jo crec que un poble petit no deixa de ser una ciutat per\u00f2 en petit o una ciutat no deixa de ser un poble per\u00f2 en gran. Ara estem a la capital -Barcelona- i la gent que camina per aqu\u00ed t\u00e9 les mateixes necessitats b\u00e0siques que la gent d\u2019un poble i, segurament, en t\u00e9 les mateixes preocupacions. L\u2019\u00fanic que l\u2019entorn \u00e9s diferent. Aquesta Catalunya rural, de pobles petits, jo penso que est\u00e0 en el mateix punt que est\u00e0 la Catalunya de Reus, Igualada, Sabadell o Terrassa. Els entorns s\u00f3n diferents per\u00f2 la gent \u00e9s la mateixa.<\/p>\n<p><strong>4.- Deies que sempre t\u2019ha agradat fer de \u2018foraster\u2019 pel teu compte. S\u00f3n acollidors els ve\u00efns d\u2019aquesta mena de poblets tan petits? Com us acullen a tot l\u2019equip de gravaci\u00f3?<\/strong><\/p>\n<p>Jo sempre he fet de foraster. Si tinc una setmana m\u2019agrada agafar el cotxe i, sense cap dest\u00ed concret, fer carretera fins que paro a un poblet. Et pares all\u00e0 i te n\u2019adones que potser t\u2019interessa molt m\u00e9s la persona que hi ha darrera d\u2019un mostrador d\u2019un museu que no pas el propi museu, o que t\u2019interessa m\u00e9s el moss\u00e8n que no pas l\u2019esgl\u00e9sia rom\u00e0nica. Ara el qu\u00e8 fem amb \u2018El Foraster\u2019 \u00e9s justament seguir aquesta proposta. M\u2019adono que no \u00e9s el mateix que quan jo feia de foraster sense c\u00e0meres per\u00f2 igualment de seguida notes un agra\u00efment molt gran de la gent. Agraeixen que t\u2019interessin ells sense que al darrera hi hagi cap mala not\u00edcia. Que t\u2019interessi la seva quotidianitat i manera de fer.<\/p>\n<p><strong>5.- A hores d\u2019ara ja has pogut con\u00e8ixer un munt de persones d\u2019arreu. Com \u00e9s la gent de poble? Hi ha difer\u00e8ncies amb la gent de ciutat?<\/strong><\/p>\n<p>Canvia perqu\u00e8 canvia l\u2019entorn per\u00f2 els perfils s\u00f3n els mateixos. A tots els pobles hi ha models que es repeteixen. Jo, moltes vegades quan gravem, penso: \u201c- Hosti per\u00f2 si aquest \u00e9s en Pere del meu poble! I aquesta senyora \u00e9s la Carme del meu poble!\u201d. Canvia f\u00edsicament i una \u00e9s fornera i l\u2019altra resulta que t\u00e9 una merceria, per\u00f2 \u00e9s igual: \u00e9s aquell model de senyora botiguera que coneix a tothom i sap vendre com la que m\u00e9s. I aix\u00f2 a Barcelona tamb\u00e9 hi \u00e9s. Te\u2019n vas al barri de Gr\u00e0cia o a Sants i veus que tamb\u00e9 hi \u00e9s.<\/p>\n<p><strong>6.- Existeix el car\u00e0cter catal\u00e0?<\/strong><br \/>\nA mi sempre m\u2019ha costat molt aix\u00f2. \u00c9s com l\u2019humor catal\u00e0. El meu amic Pepe Rubianes feia humor catal\u00e0 i no t\u00e9 res a veure amb l\u2019humor que feia un gran referent com \u00e9s en Joan Capri. I els dos eren catalans i feien humor catal\u00e0. Com som els catalans? Jo no ho s\u00e9. El qu\u00e8 s\u00ed que s\u00e9 \u00e9s que hi ha una diversitat i una pluralitat molt b\u00e8stia. Amb \u2018El Foraster\u2019 he pogut corroborar que som molt diferents i que aix\u00f2 ens proporciona una riquesa molt \u2018xula\u2019. Fins i tot dialectalment parlant, \u00e9s clar.<\/p>\n<p><strong>7.- Duus un ritme fren\u00e8tic amb \u2018El Foraster\u2019. Qu\u00e8 \u00e9s el qu\u00e8 m\u00e9s t\u2019engresca i el qu\u00e8 et d\u00f3na m\u00e9s energia per no parar?<\/strong><\/p>\n<p>La incertesa, l\u2019atzar. Tu arribes a un poble petit i duus molt poques coses produ\u00efdes. Arribes all\u00e0, aparques, passa una senyora pel costat, l\u2019entrevistes i \u00e9s ella la qui et diu a qui has d\u2019anar a veure just despr\u00e9s. Aix\u00f2 \u00e9s molt \u2018xulo\u2019 perqu\u00e8 vol dir que has d\u2019estar a un lloc en el moment oport\u00fa. Moltes vegades penses en les hist\u00f2ries i persones interessants que segurament has deixat escapar per temes d\u2019atzar. Per\u00f2 vaja, aix\u00f2 \u00e9s viatjar. \u2018El Foraster\u2019 \u00e9s l\u2019aventura de viatjar amb un ingredient molt interessant: el motiu del viatge \u00e9s con\u00e8ixer gent. Gent que t\u2019explica coses seves, que et fan riure o que et fan saltar les ll\u00e0grimes. I aix\u00f2 \u00e9s el qu\u00e8 et mou i el qu\u00e8 et fa pensar: \u201c-Vinga, anem a con\u00e8ixer un altre poble!\u201d.<\/p>\n<p><strong>8.- Quin Quim veiem a &#8220;El Forester&#8221;? El Quim al natural o veiem el Quim treballant?<\/strong><\/p>\n<p>Jo crec que \u00e9s de les coses que he fet en les que intento actuar amb m\u00e9s naturalitat per\u00f2 no oblidem que estic fent \u2018tele\u2019, que estic treballant. A mi em passa un fenomen molt curi\u00f3s i \u00e9s que amb \u2018El Foraster\u2019 hem viscut moments en els qu\u00e8 l\u2019equip s\u2019ha emocionat per\u00f2 jo en aquell moment no. En canvi, quan ho veig a la sala de muntatge s\u00ed que m\u2019emociono. Aix\u00f2 vol dir que quan estic treballant no s\u00f3c jo nom\u00e9s. S\u00ed que \u00e9s cert que busc\u00e0vem la meva naturalitat per entrar als pobles sent foraster per\u00f2, a la vegada, sent un d\u2019ells. De fet, els protagonistes i els guionistes s\u00f3n ells. Jo nom\u00e9s faig de m\u00e8dium perqu\u00e8 les seves hist\u00f2ries puguin arribar a l\u2019espectador.<\/p>\n<p><strong>9.- A banda d\u2019\u2019El Foraster\u2019, tamb\u00e9 tens en gira l\u2019obra teatral \u2018Temps\u2019. Qu\u00e8 ens explica?<\/strong><\/p>\n<p>Volia parlar del qu\u00e8 est\u00e0 passant amb la corrupci\u00f3 pol\u00edtica, amb els bancs&#8230; I ho vaig fer inventant-me un personatge a qui li han dit que nom\u00e9s li queda una hora i mitja de vida. I que, per tant, t\u00e9 una hora i mitja per dir el qu\u00e8 vulgui. Se li est\u00e0 acabant el temps. Fins i tot a l\u2019escenari hi ha un cron\u00f2metre. \u00c9s alg\u00fa que veu que se li esmuny el temps de les mans i que ho ha d\u2019aprofitar. Hi ha moments de valentia, durs, de cr\u00edtica, tamb\u00e9 hi ha por. \u00c9s una tragicom\u00e8dia antiteatral perqu\u00e8, abans de que comenci, tothom ja sap com acabar\u00e0. No hi ha gir. Una obra que compta, a m\u00e9s, amb la direcci\u00f3 del gran Ramon Fontser\u00e8.<\/p>\n<p><strong>10.- Tu vius un bon moment televisiu i teatral per\u00f2 com tenim la cultura a Catalunya?<\/strong><\/p>\n<p>La tenim tocada per aquest estat general de crisi econ\u00f2mica. Malauradament, a la cultura se li ha donat un tracte molt banal. Hem hagut de sentir all\u00f2 de: \u201c-Hi ha coses m\u00e9s importants que la cultura\u201d. Aquesta demag\u00f2gia de dir \u201c- Si tanquem el teatre del poble no passa res perqu\u00e8, tothom entendr\u00e0\u201d. Aquesta demag\u00f2gia \u00e9s una cosa que realment crec que la cultura d\u2019aquest pa\u00eds no es mereix. Si darrera dels qui administren la cultura hi ha passi\u00f3 i vocaci\u00f3 saben perfectament que no podem caure en aquesta demag\u00f2gia barata. Saben que la cultura \u00e9s molt important ja que genera debat i diversitat d\u2019opini\u00f3 i que una societat est\u00e0 viva en tant que la seva cultura est\u00e0 viva.<\/p>\n<p><object width=\"570\" height=\"219\"><param name=\"allowfullscreen\" value=\"true\" \/><param name=\"allowscriptaccess\" value=\"always\" \/><param name=\"movie\" value=\"http:\/\/vimeo.com\/moogaloop.swf?clip_id=88241379&amp;force_embed=1&amp;server=vimeo.com&amp;show_title=0&amp;show_byline=0&amp;show_portrait=0&amp;color=f01c00&amp;fullscreen=1&amp;autoplay=0&amp;loop=0\" \/><embed src=\"http:\/\/vimeo.com\/moogaloop.swf?clip_id=88241379&amp;force_embed=1&amp;server=vimeo.com&amp;show_title=0&amp;show_byline=0&amp;show_portrait=0&amp;color=f01c00&amp;fullscreen=1&amp;autoplay=0&amp;loop=0\" type=\"application\/x-shockwave-flash\" allowfullscreen=\"allowfullscreen\" allowscriptaccess=\"always\" width=\"400\" height=\"219\" \/><\/object><\/p>\n","protected":false},"excerpt":{"rendered":"<p>Per Georgina Altarriba \/ ACPG Quim Masferrer neix el 1971 a Sant Feliu de Buixalleu, un poble de La Selva de menys de mil habitants. Un poble doncs, que comparteix caracter\u00edstiques amb els indrets que Masferrer visita amb el seu \u00faltim \u00e8xit televisiu em\u00e8s per TV3: \u2018El Foraster\u2019. El ve\u00ed d\u2019Arb\u00facies \u00e9s autor, director i [&hellip;]<\/p>\n","protected":false},"author":1,"featured_media":27693,"comment_status":"open","ping_status":"open","sticky":false,"template":"","format":"standard","meta":[],"categories":[187],"tags":[268,226,244,245],"_links":{"self":[{"href":"http:\/\/www.diariwin.cat\/temporada4\/wp-json\/wp\/v2\/posts\/22925"}],"collection":[{"href":"http:\/\/www.diariwin.cat\/temporada4\/wp-json\/wp\/v2\/posts"}],"about":[{"href":"http:\/\/www.diariwin.cat\/temporada4\/wp-json\/wp\/v2\/types\/post"}],"author":[{"embeddable":true,"href":"http:\/\/www.diariwin.cat\/temporada4\/wp-json\/wp\/v2\/users\/1"}],"replies":[{"embeddable":true,"href":"http:\/\/www.diariwin.cat\/temporada4\/wp-json\/wp\/v2\/comments?post=22925"}],"version-history":[{"count":2,"href":"http:\/\/www.diariwin.cat\/temporada4\/wp-json\/wp\/v2\/posts\/22925\/revisions"}],"predecessor-version":[{"id":27694,"href":"http:\/\/www.diariwin.cat\/temporada4\/wp-json\/wp\/v2\/posts\/22925\/revisions\/27694"}],"wp:featuredmedia":[{"embeddable":true,"href":"http:\/\/www.diariwin.cat\/temporada4\/wp-json\/wp\/v2\/media\/27693"}],"wp:attachment":[{"href":"http:\/\/www.diariwin.cat\/temporada4\/wp-json\/wp\/v2\/media?parent=22925"}],"wp:term":[{"taxonomy":"category","embeddable":true,"href":"http:\/\/www.diariwin.cat\/temporada4\/wp-json\/wp\/v2\/categories?post=22925"},{"taxonomy":"post_tag","embeddable":true,"href":"http:\/\/www.diariwin.cat\/temporada4\/wp-json\/wp\/v2\/tags?post=22925"}],"curies":[{"name":"wp","href":"https:\/\/api.w.org\/{rel}","templated":true}]}}