{"id":27873,"date":"2020-01-13T16:46:13","date_gmt":"2020-01-13T16:46:13","guid":{"rendered":"http:\/\/www.diariwin.cat\/temporada4\/?p=27873"},"modified":"2020-01-21T22:52:25","modified_gmt":"2020-01-21T22:52:25","slug":"obre-les-portes-la-barca-academy-ciutat-de-mexic","status":"publish","type":"post","link":"http:\/\/www.diariwin.cat\/temporada4\/2020\/01\/13\/obre-les-portes-la-barca-academy-ciutat-de-mexic\/","title":{"rendered":"Obre les portes la Bar\u00e7a Academy Ciutat de M\u00e8xic"},"content":{"rendered":"\n<p>La nova Bar\u00e7a  Academy CDMX est\u00e0 situada en les instal\u00b7lacions de l&#8217;hist\u00f2ric Reforma Athletic Club, entitat que acaba de celebrar els 125 anys de vida.<\/p>\n\n\n\n<p>Amb aquest, ja s\u00f3n m\u00e9s de 50 els projectes internacionals Ban\u00e7a Academy posats en marxa a tot el m\u00f3n, sent el continent americ\u00e0 el m\u00e9s poblat amb escoles de futbol barcelonistes. Un total de 10 estan situades als Estats Units, 5 m\u00e9s al Canad\u00e0, i en aquests moments M\u00e8xic s&#8217;uneix a la llista de pa\u00efsos amb dues acad\u00e8mies, al costat de pa\u00efsos on tamb\u00e9 hi ha una gran tradici\u00f3 futbol\u00edstica cam el Brasil o Col\u00f2mbia.<\/p>\n\n\n\n<p> L&#8217;escala de futbol esta dirigida a nens i nenes de 5 a 18 anys que podran gaudir d&#8217;un programa de preparaci\u00f3 de tres dies i un altre de dos. M\u00e9s informaci\u00f3 i inscripcions a: <a href=\"https:\/\/mexico.barcaacademy.com\/academy-cdmx\/\">https:\/\/mexica.barcaacademy.cam\/academy-cdmx\/<\/a><\/p>\n","protected":false},"excerpt":{"rendered":"<p>El Futbol Club Barcelona ha inaugurat a Ciutat de Mexic  la  segona  seu  permanent  al  pa\u00eds  del seu projecte d&#8217;escola esportiva, la Ban\u00e7a Academy. Mexic continua sent un pa\u00eds clau dins de l&#8217;expansi\u00f3 internacional del Club, ja que a la seu  de la capital s&#8217;uneix  la Bar\u00e7a  Academy  Pobla, que treballa en la seva segona temporada esportiva, i a una serie de Bar\u00e7a Academy Camps celebrats per Setmana Santa i a l&#8217;estiu per diverses ciutats del pa\u00eds. <\/p>\n","protected":false},"author":1,"featured_media":27874,"comment_status":"open","ping_status":"open","sticky":false,"template":"","format":"standard","meta":[],"categories":[3,23,278],"tags":[],"_links":{"self":[{"href":"http:\/\/www.diariwin.cat\/temporada4\/wp-json\/wp\/v2\/posts\/27873"}],"collection":[{"href":"http:\/\/www.diariwin.cat\/temporada4\/wp-json\/wp\/v2\/posts"}],"about":[{"href":"http:\/\/www.diariwin.cat\/temporada4\/wp-json\/wp\/v2\/types\/post"}],"author":[{"embeddable":true,"href":"http:\/\/www.diariwin.cat\/temporada4\/wp-json\/wp\/v2\/users\/1"}],"replies":[{"embeddable":true,"href":"http:\/\/www.diariwin.cat\/temporada4\/wp-json\/wp\/v2\/comments?post=27873"}],"version-history":[{"count":1,"href":"http:\/\/www.diariwin.cat\/temporada4\/wp-json\/wp\/v2\/posts\/27873\/revisions"}],"predecessor-version":[{"id":27875,"href":"http:\/\/www.diariwin.cat\/temporada4\/wp-json\/wp\/v2\/posts\/27873\/revisions\/27875"}],"wp:featuredmedia":[{"embeddable":true,"href":"http:\/\/www.diariwin.cat\/temporada4\/wp-json\/wp\/v2\/media\/27874"}],"wp:attachment":[{"href":"http:\/\/www.diariwin.cat\/temporada4\/wp-json\/wp\/v2\/media?parent=27873"}],"wp:term":[{"taxonomy":"category","embeddable":true,"href":"http:\/\/www.diariwin.cat\/temporada4\/wp-json\/wp\/v2\/categories?post=27873"},{"taxonomy":"post_tag","embeddable":true,"href":"http:\/\/www.diariwin.cat\/temporada4\/wp-json\/wp\/v2\/tags?post=27873"}],"curies":[{"name":"wp","href":"https:\/\/api.w.org\/{rel}","templated":true}]}}