{"id":27990,"date":"2022-12-01T23:00:00","date_gmt":"2022-12-01T23:00:00","guid":{"rendered":"http:\/\/www.diariwin.cat\/temporada4\/?p=27990"},"modified":"2022-12-01T23:59:44","modified_gmt":"2022-12-01T23:59:44","slug":"viu-les-vacances-en-familia-de-la-generalitat","status":"publish","type":"post","link":"http:\/\/www.diariwin.cat\/temporada4\/2022\/12\/01\/viu-les-vacances-en-familia-de-la-generalitat\/","title":{"rendered":"Viu les &#8216;Vacances en fam\u00edlia&#8217; de la Generalitat"},"content":{"rendered":"\n<p>L\u2019Ag\u00e8ncia Catalana de la Joventut (ACJ) ha obert aquesta setmana les preinscripcions del programa social \u2018<a href=\"https:\/\/xanascat.gencat.cat\/ca\/programes\/vacances-en-familia\" target=\"_blank\" rel=\"noreferrer noopener\">Vacances en fam\u00edlia\u2019,<\/a> que pel pr\u00f2xim any 2023 ofereix fins a 54.807 places corresponents a 10.565 fam\u00edlies.<\/p>\n\n\n\n<p>Amb aquestes xifres, la divuitena edici\u00f3 del programa consolida l&#8217;oferta de places per a les fam\u00edlies, les quals podran gaudir d\u2019uns dies de lleure en un total de 31 albergs de Catalunya en caps de setmana i festius.<\/p>\n\n\n\n<p>\u2018Vacances en fam\u00edlia\u2019 t\u00e9 l\u2019objectiu de potenciar el lleure familiar compartit ent\u00e8s com una pr\u00e0ctica educativa, aix\u00ed com d\u2019afavorir alhora la conviv\u00e8ncia dels membres de la unitat familiar i amb la resta de fam\u00edlies participants. Poden participar-hi totes les fam\u00edlies catalanes amb fills i filles menors d\u2019edat (0 a 17 anys), les quals podran gaudir dels preus socials del programa.<\/p>\n\n\n\n<p>La iniciativa t\u00e9 el suport de la Secretaria d&#8217;Afers Socials i Fam\u00edlies del Departament de Drets Socials i es desenvolupa principalment a la Xarxa jove d&#8217;albergs de Catalunya (Xanascat) en diferents \u00e8poques de l&#8217;any.<\/p>\n\n\n\n<p>Per a l\u2019edici\u00f3 del 2023, mant\u00e9 les dues convocat\u00f2ries per gaudir dels albergs en els per\u00edodes de gener a juny i de juliol fins al desembre.<\/p>\n","protected":false},"excerpt":{"rendered":"<p>L\u2019Ag\u00e8ncia Catalana de la Joventut (ACJ) ha obert aquesta setmana les preinscripcions del programa social \u2018Vacances en fam\u00edlia\u2019, que pel pr\u00f2xim any 2023 ofereix fins a 54.807 places corresponents a 10.565 fam\u00edlies. Amb aquestes xifres, la divuitena edici\u00f3 del programa consolida l&#8217;oferta de places per a les fam\u00edlies, les quals podran gaudir d\u2019uns dies de [&hellip;]<\/p>\n","protected":false},"author":1,"featured_media":27991,"comment_status":"open","ping_status":"open","sticky":false,"template":"","format":"standard","meta":[],"categories":[3,23],"tags":[],"_links":{"self":[{"href":"http:\/\/www.diariwin.cat\/temporada4\/wp-json\/wp\/v2\/posts\/27990"}],"collection":[{"href":"http:\/\/www.diariwin.cat\/temporada4\/wp-json\/wp\/v2\/posts"}],"about":[{"href":"http:\/\/www.diariwin.cat\/temporada4\/wp-json\/wp\/v2\/types\/post"}],"author":[{"embeddable":true,"href":"http:\/\/www.diariwin.cat\/temporada4\/wp-json\/wp\/v2\/users\/1"}],"replies":[{"embeddable":true,"href":"http:\/\/www.diariwin.cat\/temporada4\/wp-json\/wp\/v2\/comments?post=27990"}],"version-history":[{"count":2,"href":"http:\/\/www.diariwin.cat\/temporada4\/wp-json\/wp\/v2\/posts\/27990\/revisions"}],"predecessor-version":[{"id":27993,"href":"http:\/\/www.diariwin.cat\/temporada4\/wp-json\/wp\/v2\/posts\/27990\/revisions\/27993"}],"wp:featuredmedia":[{"embeddable":true,"href":"http:\/\/www.diariwin.cat\/temporada4\/wp-json\/wp\/v2\/media\/27991"}],"wp:attachment":[{"href":"http:\/\/www.diariwin.cat\/temporada4\/wp-json\/wp\/v2\/media?parent=27990"}],"wp:term":[{"taxonomy":"category","embeddable":true,"href":"http:\/\/www.diariwin.cat\/temporada4\/wp-json\/wp\/v2\/categories?post=27990"},{"taxonomy":"post_tag","embeddable":true,"href":"http:\/\/www.diariwin.cat\/temporada4\/wp-json\/wp\/v2\/tags?post=27990"}],"curies":[{"name":"wp","href":"https:\/\/api.w.org\/{rel}","templated":true}]}}