{"id":9753,"date":"2012-11-01T06:00:25","date_gmt":"2012-11-01T06:00:25","guid":{"rendered":"http:\/\/www.diariwin.cat\/?p=9753"},"modified":"2015-09-14T10:14:49","modified_gmt":"2015-09-14T10:14:49","slug":"meritxell-huertas-actriu","status":"publish","type":"post","link":"http:\/\/www.diariwin.cat\/temporada4\/2012\/11\/01\/meritxell-huertas-actriu\/","title":{"rendered":"Meritxell Huertas, actriu"},"content":{"rendered":"<p><strong>Actriu de vocaci\u00f3, la Meritxell Huertas va tenir molt clar, al sortir de la primera obra que va veure de La Cubana, que ella volia dedicar-se &#8220;a aix\u00f2&#8221;. D&#8217;en\u00e7\u00e0 ja han passat gaireb\u00e9 15 anys, en els quals, a m\u00e9s de treballar durant una d\u00e8cada amb ells, ha triomfat sobre de l&#8217;escenari amb obres com &#8220;Pel davant i pel darrera&#8221; i, ara, &#8220;Confessions de dones de 30&#8221;. La r\u00e0dio, la m\u00e0gia, la &#8216;tele&#8217;, els acudits i el cinema tampoc se li han resistit a aquesta catalana que\u00a0 troba en fer riure la gent una de les seves m\u00e0ximes satisfaccions.<\/strong><\/p>\n<h3 style=\"text-align: center;\">&#8220;M&#8217;encanta que en ple S.XXI encara existeixi el ritual de seure i esperar que s&#8217;obri un tel\u00f3&#8221;<\/h3>\n<p><strong>1. \u00c9s dif\u00edcil fer riure la gent?<\/strong><\/p>\n<p>S\u00ed crec que \u00e9s dif\u00edcil. Pensa que abans d&#8217; estrenar un espectacle mai no sabem si far\u00e0 riure o no. \u00c9s una inc\u00f2gnita. Per mi l&#8217;humor t\u00e9 molt de m\u00e0gia: hi ha coses que un dia les dius i la platea sencera es peta de riure, i l&#8217;endem\u00e0 no riu ning\u00fa. Aquesta tamb\u00e9 \u00e9s la gr\u00e0cia de la nostra feina.<\/p>\n<p><strong>2. \u00a0Com s\u00f3n els moments just abans de sortir a l&#8217;escenari?<\/strong><\/p>\n<p>Escalfem una mica el cos i la veu, ens concentrem i cap a fora! \u00c9s una mica com saltar de cap a una piscina. Emocionant i divertit&#8230; si saps nedar, clar!<\/p>\n<p><strong>3. Com i quan t&#8217;adones que vols ser actriu? <\/strong><\/p>\n<p>Jo de petiteta ja intentava fer riure a tothom; la meva iaia estava trista perqu\u00e8 s&#8217;havia mort el meu avi i jo no parava de fer monades i tonteries, fins que aconseguia fer-la riure. A l&#8217;escola sempre m&#8217;apuntava a activitats de teatre i, com que era molt t\u00edmida, els &#8216;profes&#8217; creien que no seria capa\u00e7 de sortir a l&#8217;escenari. Despr\u00e9s, el dia que f\u00e8iem l&#8217;obra jo em transformava i la timidesa desapareixia i els mestres <em>flipaven<\/em>. Ja de m\u00e9s gran la meva germana em va portar a veure un espectacle de La Cubana i vaig decidir que volia fer\u00a0 &#8220;all\u00f2&#8221;.<\/p>\n<p><strong>4. Aix\u00ed que, en el teu cas, els somnis es compleixen, perqu\u00e8 de seguida vas comen\u00e7ar a treballar amb ells, no creus?<\/strong><\/p>\n<p>S\u00ed! Vaig entrar a la companyia l&#8217;any 1998, just \u00a0a l&#8217;acabar la &#8216;uni&#8217; i els estudis de teatre. Va ser una gran sort.<\/p>\n<p><strong>5. Com recordes aquella \u00e8poca? Qu\u00e8 vas aprendre?<\/strong><\/p>\n<p>Per mi La Cubana ha estat molt m\u00e9s que una feina: \u00e9s una manera de viure i d&#8217;entendre el teatre com a totalitat. All\u00e0 fas de tot. A part d&#8217;actor, de maquillador, de perruquer&#8230; cuses un bot\u00f3 , penges cortines, claves un clau, enfoques les llums&#8230; De tot!! Els anys a La Cubana passen molt intensament, treballes molt\u00edssim i aprens un munt. Una gran experi\u00e8ncia molt i molt enriquidora.<\/p>\n<p><strong>6. De fet, la de l&#8217;actor \u00e9s una professi\u00f3 on mai deixes d&#8217;aprendre, per\u00f2 anem a pams. Un cop que tens clar que vols dedicar-te a la interpretaci\u00f3, com t&#8217;hi prepares?<\/strong><\/p>\n<p>Vaig mirar escoles de teatre i em vaig apuntar a la que m\u00e9s em va agradar, en aquest cas va ser l&#8217;Estudi Nancy Tu\u00f1\u00f3n. All\u00e0 vaig estudiar 4 anys \u00a0interpretaci\u00f3 i t\u00e8cniques de veu i cos. Al mateix temps anava a la Universitat, on vaig estudiar Filologia Catalana.<\/p>\n<p><strong>7. Aleshores, recomanes als m\u00e9s petits formar-se i tenir una base ben s\u00f2lida respecte els estudis, oi?<\/strong><\/p>\n<p>Est\u00e0 clar que els estudis son primordials per formar- te com a persona sigui quina sigui la professi\u00f3 que es vulgui fer. En aquest cas, tenir formaci\u00f3 teatral <strong>crec que \u00e9s b\u00e0sic per pujar dalt d&#8217;un escenari .<\/strong><\/p>\n<p><strong>8. La teva \u00e8poca post-cubana no ha estat exempta d&#8217;\u00e8xits: &#8220;Pel davant i pel darrere&#8221;, &#8220;Confessions de dones de 30&#8243;&#8230; s\u00e8ries de televisi\u00f3, acudits, par\u00f2dies en diversos programes, cinema&#8230; Amb qu\u00e8 et quedes? <\/strong><\/p>\n<p>Em quedo sempre amb el teatre. M&#8217;encanta que en ple segle XXI, envoltats de tecnologia, encara existeixi aquest ritual de seure i esperar que s&#8217;obri un tel\u00f3. I que la gent s&#8217;endinsi en la hist\u00f2ria que li expliquen unes altres persones, una hist\u00f2ria que tothom sap que \u00e9s mentida. \u00c9s un joc fant\u00e0stic. Ho trobo m\u00e0gic.<\/p>\n<p><strong>-Per quan un projecte dedicat als m\u00e9s petits de la casa?<\/strong><\/p>\n<p>Per ara no tinc cap projecte infantil&#8230; Per\u00f2 mai se sap!<\/p>\n<p><strong>-Qu\u00e8 hem d&#8217;ensenyar-los als infants d&#8217;avui en dia per a qu\u00e8 el dia de dem\u00e0 tinguin un m\u00f3n millor?<\/strong><\/p>\n<p>A riure i a riure&#8217;s m\u00e9s de tot, crec que amb humor tot es passa millor.<\/p>\n<h3>El Minitest:<\/h3>\n<p><strong>Viatge:<\/strong> Illa de P\u00e0squa (Polin\u00e8sia)<\/p>\n<p><strong>Animal:<\/strong> la meva gossa Lula<\/p>\n<p><strong>Videojoc:<\/strong> Mario Kart<\/p>\n<p><strong>Esport:<\/strong> qualsevol esport femen\u00ed; les hem de potenciar i ajudar!<\/p>\n<p><strong>Llibre:<\/strong> ara m&#8217;estic llegint &#8220;Por qu\u00e9 ser feliz cuando \u00a0puedes ser normal&#8221;, de la Jeanette Winterson, una escriptora que m&#8217;encanta<\/p>\n","protected":false},"excerpt":{"rendered":"<p>Actriu de vocaci\u00f3, la Meritxell Huertas va tenir molt clar, al sortir de la primera obra que va veure de La Cubana, que ella volia dedicar-se &#8220;a aix\u00f2&#8221;. D&#8217;en\u00e7\u00e0 ja han passat gaireb\u00e9 15 anys, en els quals, a m\u00e9s de treballar durant una d\u00e8cada amb ells, ha triomfat sobre de l&#8217;escenari amb obres com [&hellip;]<\/p>\n","protected":false},"author":1,"featured_media":27756,"comment_status":"open","ping_status":"open","sticky":false,"template":"","format":"standard","meta":[],"categories":[187],"tags":[207,208,209],"_links":{"self":[{"href":"http:\/\/www.diariwin.cat\/temporada4\/wp-json\/wp\/v2\/posts\/9753"}],"collection":[{"href":"http:\/\/www.diariwin.cat\/temporada4\/wp-json\/wp\/v2\/posts"}],"about":[{"href":"http:\/\/www.diariwin.cat\/temporada4\/wp-json\/wp\/v2\/types\/post"}],"author":[{"embeddable":true,"href":"http:\/\/www.diariwin.cat\/temporada4\/wp-json\/wp\/v2\/users\/1"}],"replies":[{"embeddable":true,"href":"http:\/\/www.diariwin.cat\/temporada4\/wp-json\/wp\/v2\/comments?post=9753"}],"version-history":[{"count":2,"href":"http:\/\/www.diariwin.cat\/temporada4\/wp-json\/wp\/v2\/posts\/9753\/revisions"}],"predecessor-version":[{"id":27757,"href":"http:\/\/www.diariwin.cat\/temporada4\/wp-json\/wp\/v2\/posts\/9753\/revisions\/27757"}],"wp:featuredmedia":[{"embeddable":true,"href":"http:\/\/www.diariwin.cat\/temporada4\/wp-json\/wp\/v2\/media\/27756"}],"wp:attachment":[{"href":"http:\/\/www.diariwin.cat\/temporada4\/wp-json\/wp\/v2\/media?parent=9753"}],"wp:term":[{"taxonomy":"category","embeddable":true,"href":"http:\/\/www.diariwin.cat\/temporada4\/wp-json\/wp\/v2\/categories?post=9753"},{"taxonomy":"post_tag","embeddable":true,"href":"http:\/\/www.diariwin.cat\/temporada4\/wp-json\/wp\/v2\/tags?post=9753"}],"curies":[{"name":"wp","href":"https:\/\/api.w.org\/{rel}","templated":true}]}}